{"id":298,"date":"2017-05-02T16:10:00","date_gmt":"2017-05-02T14:10:00","guid":{"rendered":"https:\/\/sites.ac-corse.fr\/daac\/2017\/05\/02\/prix-jean-renoir-des-lyceens\/"},"modified":"2023-01-16T17:58:22","modified_gmt":"2023-01-16T16:58:22","slug":"prix-jean-renoir-des-lyceens","status":"publish","type":"post","link":"https:\/\/sites.ac-corse.fr\/daac\/2017\/05\/02\/prix-jean-renoir-des-lyceens\/","title":{"rendered":"Prix Jean Renoir des lyc\u00e9ens"},"content":{"rendered":"<p>De septembre 2017 \u00e0 mai 2018, les classes retenues comme membres du jury assistent \u00e0 la projection en salle de sept films fran\u00e7ais et europ\u00e9ens issus de l&rsquo;actualit\u00e9 cin\u00e9matographique (en exploitation, sauf exception, entre septembre 2017 et mai 2018) et pr\u00e9s\u00e9lectionn\u00e9s par le comit\u00e9 national de s\u00e9lection. Le visionnement des \u0153uvres se fait dans le cin\u00e9ma partenaire de l&rsquo;\u00e9tablissement appartenant si possible au r\u00e9seau \u00ab\u00a0Lyc\u00e9ens et apprentis au cin\u00e9ma\u00a0\u00bb, dans le cadre de la programmation publique du cin\u00e9ma.<\/p>\n<p>Deux d\u00e9l\u00e9gu\u00e9s lyc\u00e9ens sont par la suite \u00e9lus par leurs pairs.avec des critiques, des artistes et des professionnels du cin\u00e9ma et d\u00e9fendent le choix de leur classe. \u00c0 l&rsquo;issue de cette rencontre, le film laur\u00e9at est choisi.<\/p>\n<p>Pour participer au jury, les classes doivent imp\u00e9rativement avoir visionn\u00e9 tous les films de la s\u00e9lection et avoir publi\u00e9 au moins une critique par film sur le site du prix.<\/p>\n<p>Un prix de la critique est d\u00e9cern\u00e9, lors de la c\u00e9r\u00e9monie de remise du Prix Jean Renoir des lyc\u00e9ens, \u00e0 des critiques d&rsquo;\u00e9l\u00e8ves publi\u00e9es sur le site national. Le jury de ce prix est constitu\u00e9 de critiques de cin\u00e9ma professionnels.<br \/>\nhttps:\/\/sites.ac-corse.fr\/wp-content\/uploads\/sites\/33\/photo\/art\/default\/1012457-1273801.jpg<\/p>\n<p>Liens<br \/>\n<a class=\"link\" href=\"http:\/\/www.education.gouv.fr\/pid285\/bulletin_officiel.html?cid_bo=115341\">circulaire officielle<\/a> n\u00b0 2017-064 du 3-4-2017<br \/><a class=\"link\" href=\"http:\/\/eduscol.education.fr\/pjrl\/actualites\/les-inscriptions-pour-ledition-2017-2018-du-prix-jean-renoir-des-lyceens-sont-ouvertes\"><br \/>Prix Jean Renoir des lyc\u00e9ens &#8211; \u00c9duscol<\/a><\/p>\n","protected":false},"excerpt":{"rendered":"<p>De septembre 2017 \u00e0 mai 2018, les classes retenues comme membres du jury assistent \u00e0 la projection en salle de sept films fran\u00e7ais et europ\u00e9ens issus de l&rsquo;actualit\u00e9 cin\u00e9matographique (en exploitation, sauf exception, entre septembre 2017 et mai 2018) et pr\u00e9s\u00e9lectionn\u00e9s par le comit\u00e9 national de s\u00e9lection. Le visionnement des \u0153uvres se fait dans le [&hellip;]<\/p>\n","protected":false},"author":84,"featured_media":0,"comment_status":"open","ping_status":"open","sticky":false,"template":"","format":"standard","meta":{"footnotes":""},"categories":[1],"tags":[],"class_list":["post-298","post","type-post","status-publish","format-standard","hentry","category-non-classe"],"_links":{"self":[{"href":"https:\/\/sites.ac-corse.fr\/daac\/wp-json\/wp\/v2\/posts\/298","targetHints":{"allow":["GET"]}}],"collection":[{"href":"https:\/\/sites.ac-corse.fr\/daac\/wp-json\/wp\/v2\/posts"}],"about":[{"href":"https:\/\/sites.ac-corse.fr\/daac\/wp-json\/wp\/v2\/types\/post"}],"author":[{"embeddable":true,"href":"https:\/\/sites.ac-corse.fr\/daac\/wp-json\/wp\/v2\/users\/84"}],"replies":[{"embeddable":true,"href":"https:\/\/sites.ac-corse.fr\/daac\/wp-json\/wp\/v2\/comments?post=298"}],"version-history":[{"count":1,"href":"https:\/\/sites.ac-corse.fr\/daac\/wp-json\/wp\/v2\/posts\/298\/revisions"}],"predecessor-version":[{"id":410,"href":"https:\/\/sites.ac-corse.fr\/daac\/wp-json\/wp\/v2\/posts\/298\/revisions\/410"}],"wp:attachment":[{"href":"https:\/\/sites.ac-corse.fr\/daac\/wp-json\/wp\/v2\/media?parent=298"}],"wp:term":[{"taxonomy":"category","embeddable":true,"href":"https:\/\/sites.ac-corse.fr\/daac\/wp-json\/wp\/v2\/categories?post=298"},{"taxonomy":"post_tag","embeddable":true,"href":"https:\/\/sites.ac-corse.fr\/daac\/wp-json\/wp\/v2\/tags?post=298"}],"curies":[{"name":"wp","href":"https:\/\/api.w.org\/{rel}","templated":true}]}}