{"id":299,"date":"2017-05-02T14:42:00","date_gmt":"2017-05-02T12:42:00","guid":{"rendered":"https:\/\/sites.ac-corse.fr\/daac\/2017\/05\/02\/3eme-edition-de-la-journee-des-arts-a-lecole\/"},"modified":"2023-01-16T17:58:22","modified_gmt":"2023-01-16T16:58:22","slug":"3eme-edition-de-la-journee-des-arts-a-lecole","status":"publish","type":"post","link":"https:\/\/sites.ac-corse.fr\/daac\/2017\/05\/02\/3eme-edition-de-la-journee-des-arts-a-lecole\/","title":{"rendered":"3\u00e8me \u00e9dition de la Journ\u00e9e des arts \u00e0 l&rsquo;\u00e9cole"},"content":{"rendered":"<p>Pr\u00e9sentation<br \/>\nCon\u00e7ue comme un temps fort de la vie des \u00e9coles et des \u00e9tablissements, la Journ\u00e9e des arts \u00e0 l&rsquo;\u00e9cole a vocation \u00e0 valoriser l&rsquo;expression des \u00e9l\u00e8ves, issue des apprentissages et des pratiques. Toutes les formes artistiques peuvent \u00eatre mises \u00e0 l&rsquo;honneur (arts plastiques, musique, th\u00e9\u00e2tre, danse, art vid\u00e9o, cr\u00e9ation num\u00e9rique, bande dessin\u00e9e, etc.), ainsi que les projets patrimoniaux (d\u00e9couverte des monuments historiques et des villes et pays d&rsquo;art et d&rsquo;histoire, fr\u00e9quentation des mus\u00e9es, initiation aux fouilles arch\u00e9ologiques ou \u00e0 l&rsquo;ethnologie, etc.). L&rsquo;\u00e9quilibre entre l&rsquo;expression individuelle et la cr\u00e9ation collective est recherch\u00e9.<\/p>\n<p>Cette Journ\u00e9e est \u00e9galement l&rsquo;occasion de pr\u00e9senter la singularit\u00e9 des actions : participation \u00e0 des projets de territoire, r\u00e9sidences d&rsquo;artistes, jumelages, ateliers artistiques, chorales, exposition d&rsquo;\u0153uvres d&rsquo;art et de r\u00e9alisations produites par les jeunes, m\u00e9diation autour des \u0153uvres dans les mus\u00e9es, mise en valeur des \u0153uvres du 1 % artistique comme dans le cadre des Journ\u00e9es europ\u00e9ennes du patrimoine, ou toute autre activit\u00e9 scolaire \u00e0 vocation artistique et culturelle, etc.<\/p>\n<p>Des \u00e9v\u00e9nements peuvent \u00eatre organis\u00e9s sous des formes aussi diverses qu&rsquo;une exposition, une repr\u00e9sentation th\u00e9\u00e2trale, un concert, des lectures publiques, une visite guid\u00e9e de l&rsquo;\u00e9cole ou de l&rsquo;\u00e9tablissement mettant en valeur sa dynamique culturelle, etc. ; mais il s&rsquo;agit avant tout de penser une m\u00e9diation sp\u00e9cifique et d&rsquo;attribuer un r\u00f4le actif aux jeunes, pour sensibiliser le public \u00e0 l&rsquo;\u00e9ducation artistique et culturelle telle qu&rsquo;elle est con\u00e7ue conjointement par l&rsquo;ensemble des partenaires : les minist\u00e8res, et en premier lieu, ceux en charge de l&rsquo;\u00e9ducation nationale et de la culture, les collectivit\u00e9s territoriales, les acteurs \u00e9ducatifs et le monde de la culture.<\/p>\n<p>Organis\u00e9e entre le 15 mai et la fin de l&rsquo;ann\u00e9e scolaire, cette journ\u00e9e concerne tous les publics scolaires : \u00c9coliers, coll\u00e9giens, lyc\u00e9ens (LEGT, LP, LPO), apprentis et \u00e9tudiants des ESPE.<\/p>\n<p><a class=\"link\" href=\"http:\/\/www.education.gouv.fr\/pid285\/bulletin_officiel.html?cid_bo=115422\">Troisi\u00e8me \u00e9dition de la \u00ab\u00a0Journ\u00e9e des arts \u00e0 l&rsquo;\u00e9cole\u00a0\u00bb<\/a> (note de service n\u00b0 2017-065 du 12 avril 2017)<\/p>\n<p> <a class=\"link\" href=\"http:\/\/eduscol.education.fr\/cid88816\/-journee-des-arts-a-l-ecole.html\">La Journ\u00e9e des arts \u00e0 l&rsquo;\u00e9cole sur \u00e9duscol<\/a><\/p>\n","protected":false},"excerpt":{"rendered":"<p>Pr\u00e9sentation Con\u00e7ue comme un temps fort de la vie des \u00e9coles et des \u00e9tablissements, la Journ\u00e9e des arts \u00e0 l&rsquo;\u00e9cole a vocation \u00e0 valoriser l&rsquo;expression des \u00e9l\u00e8ves, issue des apprentissages et des pratiques. Toutes les formes artistiques peuvent \u00eatre mises \u00e0 l&rsquo;honneur (arts plastiques, musique, th\u00e9\u00e2tre, danse, art vid\u00e9o, cr\u00e9ation num\u00e9rique, bande dessin\u00e9e, etc.), ainsi [&hellip;]<\/p>\n","protected":false},"author":84,"featured_media":0,"comment_status":"open","ping_status":"open","sticky":false,"template":"","format":"standard","meta":{"footnotes":""},"categories":[1],"tags":[],"class_list":["post-299","post","type-post","status-publish","format-standard","hentry","category-non-classe"],"_links":{"self":[{"href":"https:\/\/sites.ac-corse.fr\/daac\/wp-json\/wp\/v2\/posts\/299","targetHints":{"allow":["GET"]}}],"collection":[{"href":"https:\/\/sites.ac-corse.fr\/daac\/wp-json\/wp\/v2\/posts"}],"about":[{"href":"https:\/\/sites.ac-corse.fr\/daac\/wp-json\/wp\/v2\/types\/post"}],"author":[{"embeddable":true,"href":"https:\/\/sites.ac-corse.fr\/daac\/wp-json\/wp\/v2\/users\/84"}],"replies":[{"embeddable":true,"href":"https:\/\/sites.ac-corse.fr\/daac\/wp-json\/wp\/v2\/comments?post=299"}],"version-history":[{"count":1,"href":"https:\/\/sites.ac-corse.fr\/daac\/wp-json\/wp\/v2\/posts\/299\/revisions"}],"predecessor-version":[{"id":411,"href":"https:\/\/sites.ac-corse.fr\/daac\/wp-json\/wp\/v2\/posts\/299\/revisions\/411"}],"wp:attachment":[{"href":"https:\/\/sites.ac-corse.fr\/daac\/wp-json\/wp\/v2\/media?parent=299"}],"wp:term":[{"taxonomy":"category","embeddable":true,"href":"https:\/\/sites.ac-corse.fr\/daac\/wp-json\/wp\/v2\/categories?post=299"},{"taxonomy":"post_tag","embeddable":true,"href":"https:\/\/sites.ac-corse.fr\/daac\/wp-json\/wp\/v2\/tags?post=299"}],"curies":[{"name":"wp","href":"https:\/\/api.w.org\/{rel}","templated":true}]}}