{"id":301,"date":"2017-02-16T14:37:00","date_gmt":"2017-02-16T13:37:00","guid":{"rendered":"https:\/\/sites.ac-corse.fr\/daac\/2017\/02\/16\/lancement-de-loperation-le-printemps-decole-en-choeur\/"},"modified":"2023-01-16T17:58:22","modified_gmt":"2023-01-16T16:58:22","slug":"lancement-de-loperation-le-printemps-decole-en-choeur","status":"publish","type":"post","link":"https:\/\/sites.ac-corse.fr\/daac\/2017\/02\/16\/lancement-de-loperation-le-printemps-decole-en-choeur\/","title":{"rendered":"Lancement de l&rsquo;op\u00e9ration \u00ab\u00a0Le Printemps d&rsquo;\u00c9cole en ch\u0153ur\u00a0\u00bb"},"content":{"rendered":"<p>Objectifs de l&rsquo;op\u00e9ration<br \/>\n&#8211; favoriser et d\u00e9velopper le rayonnement de l&rsquo;\u00e9ducation musicale et du chant choral au sein de l&rsquo;institution scolaire ;<br \/> &#8211; contribuer \u00e0 faire conna\u00eetre les projets chorals et \u00e0 mettre en valeur le travail et le talent des \u00e9l\u00e8ves et de leurs enseignants ;<br \/> &#8211; permettre la valorisation des actions conduites par l&rsquo;\u00e9ducation nationale, en lien avec ses partenaires, dans le domaine de l&rsquo;\u00e9ducation artistique et culturelle et en particulier celles li\u00e9es au d\u00e9veloppement des pratiques vocales collectives ;<br \/> &#8211; permettre aux membres de la communaut\u00e9 \u00e9ducative et au grand public d&rsquo;appr\u00e9cier la qualit\u00e9 et le dynamisme de l&rsquo;action de l&rsquo;\u00c9cole en ce domaine.<br \/>\nhttps:\/\/sites.ac-corse.fr\/wp-content\/uploads\/sites\/33\/photo\/art\/default\/1012004-1273058.jpg<\/p>\n<p>Les chorales concern\u00e9es : publics et projets<br \/>\nLes chorales des \u00e9coles (maternelles et \u00e9l\u00e9mentaires), des coll\u00e8ges et des lyc\u00e9es publics et priv\u00e9s sous contrat.<\/p>\n<p>Les projets valoris\u00e9s par cette op\u00e9ration peuvent \u00eatre tr\u00e8s diff\u00e9rents :<\/p>\n<p> &#8211; ceux d\u00e9velopp\u00e9s au sein d&rsquo;une \u00e9cole, d&rsquo;un coll\u00e8ge d&rsquo;un lyc\u00e9e, sans soutien ext\u00e9rieur particulier d&rsquo;un ou plusieurs partenaires mais aboutissant \u00e0 une repr\u00e9sentation devant un public ;<\/p>\n<p> &#8211; les projets associant plusieurs coll\u00e8ges, voire des \u00e9coles et des lyc\u00e9es, mobilisant des artistes professionnels, visant la production en concert devant un large public et dans une salle de spectacle professionnelle, soutenus par une ou plusieurs collectivit\u00e9s territoriales.<\/p>\n<p>Tous ces projets sont r\u00e9unis par des valeurs, des principes et des objectifs \u00e9ducatifs qui fondent la place particuli\u00e8re et importante des chorales dans le champ \u00e9ducatif.<\/p>\n<p>Les modalit\u00e9s de d\u00e9roulement et de participation \u00e0 cette op\u00e9ration<br \/>\n<b>Le rep\u00e9rage des projets<\/b><\/p>\n<p>Un rep\u00e9rage des initiatives locales est effectu\u00e9 :<\/p>\n<p> &#8211; pour le 1er degr\u00e9 : par le r\u00e9seau des conseillers p\u00e9dagogiques en \u00e9ducation musicale (CPEM) et des inspecteurs de l&rsquo;\u00e9ducation nationale charg\u00e9s de l&rsquo;\u00e9ducation artistique et culturelle (IEN-EAC) <br \/> &#8211; pour le 2nd degr\u00e9 : par le r\u00e9seau des inspecteurs d&rsquo;acad\u00e9mie-inspecteurs p\u00e9dagogiques r\u00e9gionaux (IA-IPR) d&rsquo;\u00e9ducation musicale et chant choral<\/p>\n<p><a class=\"link\" href=\"http:\/\/www.fncs.fr\/\">La F\u00e9d\u00e9ration Nationale des Chorales Scolaires<\/a> (FNCS) est charg\u00e9e de venir en appui de ces r\u00e9seaux pour relayer les informations li\u00e9es \u00e0 cette op\u00e9ration au plan local, aupr\u00e8s de l&rsquo;ensemble des associations chorales acad\u00e9miques. Elle contribue \u00e0 l&rsquo;\u00e9mergence et \u00e0 la diffusion de projets chorals territoriaux.<\/p>\n<p>Les d\u00e9l\u00e9gu\u00e9s acad\u00e9miques \u00e0 l&rsquo;\u00e9ducation artistique et \u00e0 l&rsquo;action culturelle (DAAC) effectuent la coordination g\u00e9n\u00e9rale de ce rep\u00e9rage pour les acad\u00e9mies dont ils rel\u00e8vent.<\/p>\n<p><b>Un nouvel outil de valorisation<\/b><\/p>\n<p>Une carte interactive et g\u00e9olocalis\u00e9e des projets recens\u00e9s met en avant l&rsquo;agenda des concerts \u00e0 venir ; elle est mise en ligne sur la nouvelle plateforme num\u00e9rique d\u00e9di\u00e9e \u00e0 l&rsquo;op\u00e9ration. Elle permet une valorisation nationale des \u00e9v\u00e9nements signal\u00e9s par les porteurs de projets au plan local, apr\u00e8s validation de chacun d&rsquo;entre eux au niveau acad\u00e9mique.<\/p>\n<p>Un <b>m\u00e9mo technique<\/b> pr\u00e9sente les modalit\u00e9s pratiques de participation \u00e0 l&rsquo;op\u00e9ration et indique la marche \u00e0 suivre pour d\u00e9poser une fiche \u00e9v\u00e9nement sur la plateforme. Il propose \u00e9galement les formulaires de droits \u00e0 l&rsquo;image aff\u00e9rents \u00e0 la tenue des concerts des chorales.<\/p>\n<p>Comment participer \u00e0 l&rsquo;op\u00e9ration et renseigner l&rsquo;outil ?<br \/>\nPour participer \u00e0 l&rsquo;op\u00e9ration et apr\u00e8s accord de l&rsquo;inspecteur de l&rsquo;\u00e9ducation nationale (IEN) ou du chef d&rsquo;\u00e9tablissement, les professeurs en charge des projets chorals cr\u00e9ent un compte sur cette plateforme avec <b>leur adresse acad\u00e9mique.<\/b><\/p>\n<p>Ils renseignent directement les informations utiles (nom et adresse de l&rsquo;\u00e9cole et\/ou de l&rsquo;\u00e9tablissement, acad\u00e9mie, intitul\u00e9 et descriptif du projet, date, horaire et lieu du concert de la chorale, etc.) sur la plateforme via une <b>fiche \u00e9v\u00e9nement d\u00e9taill\u00e9e \u00e0 renseigner en ligne.<\/b><\/p>\n<p><b>La validation et la publication des projets<\/b><\/p>\n<p>La validation des fiches \u00e9v\u00e9nements avant publication est effectu\u00e9e au niveau local par les personnes charg\u00e9es du rep\u00e9rage des projets, c&rsquo;est \u00e0 dire par le r\u00e9seau des IEN, des CPEM et\/ou des IA-IPR \u00e9ducation musicale et chant choral.<\/p>\n<p>Ces validations acad\u00e9miques sont effectu\u00e9es d\u00e8s r\u00e9ception des fiches \u00e9v\u00e9nement afin d&rsquo;assurer une publication fluide, avec l&rsquo;appui des services de communication acad\u00e9miques.<\/p>\n<p><a class=\"link\" href=\"http:\/\/www.education.gouv.fr\/pid285\/bulletin_officiel.html?cid_bo=112719\">La note de service parue au B.O n\u00b0 6 du 9 f\u00e9vrier 2017<\/a><\/p>\n","protected":false},"excerpt":{"rendered":"<p>Objectifs de l&rsquo;op\u00e9ration &#8211; favoriser et d\u00e9velopper le rayonnement de l&rsquo;\u00e9ducation musicale et du chant choral au sein de l&rsquo;institution scolaire ; &#8211; contribuer \u00e0 faire conna\u00eetre les projets chorals et \u00e0 mettre en valeur le travail et le talent des \u00e9l\u00e8ves et de leurs enseignants ; &#8211; permettre la valorisation des actions conduites par [&hellip;]<\/p>\n","protected":false},"author":84,"featured_media":0,"comment_status":"open","ping_status":"open","sticky":false,"template":"","format":"standard","meta":{"footnotes":""},"categories":[1],"tags":[],"class_list":["post-301","post","type-post","status-publish","format-standard","hentry","category-non-classe"],"_links":{"self":[{"href":"https:\/\/sites.ac-corse.fr\/daac\/wp-json\/wp\/v2\/posts\/301","targetHints":{"allow":["GET"]}}],"collection":[{"href":"https:\/\/sites.ac-corse.fr\/daac\/wp-json\/wp\/v2\/posts"}],"about":[{"href":"https:\/\/sites.ac-corse.fr\/daac\/wp-json\/wp\/v2\/types\/post"}],"author":[{"embeddable":true,"href":"https:\/\/sites.ac-corse.fr\/daac\/wp-json\/wp\/v2\/users\/84"}],"replies":[{"embeddable":true,"href":"https:\/\/sites.ac-corse.fr\/daac\/wp-json\/wp\/v2\/comments?post=301"}],"version-history":[{"count":1,"href":"https:\/\/sites.ac-corse.fr\/daac\/wp-json\/wp\/v2\/posts\/301\/revisions"}],"predecessor-version":[{"id":413,"href":"https:\/\/sites.ac-corse.fr\/daac\/wp-json\/wp\/v2\/posts\/301\/revisions\/413"}],"wp:attachment":[{"href":"https:\/\/sites.ac-corse.fr\/daac\/wp-json\/wp\/v2\/media?parent=301"}],"wp:term":[{"taxonomy":"category","embeddable":true,"href":"https:\/\/sites.ac-corse.fr\/daac\/wp-json\/wp\/v2\/categories?post=301"},{"taxonomy":"post_tag","embeddable":true,"href":"https:\/\/sites.ac-corse.fr\/daac\/wp-json\/wp\/v2\/tags?post=301"}],"curies":[{"name":"wp","href":"https:\/\/api.w.org\/{rel}","templated":true}]}}