{"id":303,"date":"2017-01-05T16:53:00","date_gmt":"2017-01-05T15:53:00","guid":{"rendered":"https:\/\/sites.ac-corse.fr\/daac\/2017\/01\/05\/lancement-de-la-semaine-de-la-presse-et-des-medias-dans-lecole\/"},"modified":"2023-01-16T17:58:22","modified_gmt":"2023-01-16T16:58:22","slug":"lancement-de-la-semaine-de-la-presse-et-des-medias-dans-lecole","status":"publish","type":"post","link":"https:\/\/sites.ac-corse.fr\/daac\/2017\/01\/05\/lancement-de-la-semaine-de-la-presse-et-des-medias-dans-lecole\/","title":{"rendered":"Lancement de \u00ab\u00a0La semaine de la presse et des m\u00e9dias dans l&rsquo;\u00e9cole\u00a0\u00bb"},"content":{"rendered":"<p>En 2016, la Semaine de la presse et des m\u00e9dias dans l\u2019\u00e9cole\u00ae a accompagn\u00e9 plus de 3 millions d&rsquo;\u00e9l\u00e8ves \u00e0 la lecture critique et distanci\u00e9e de l&rsquo;information et \u00e0 la production m\u00e9diatique.<\/p>\n<p>L\u2019\u00e9dition 2017 de la Semaine de la presse et des m\u00e9dias dans l\u2019\u00e9cole\u00ae, organis\u00e9e par le CLEMI (service du R\u00e9seau Canop\u00e9) avec le minist\u00e8re de l\u2019\u00c9ducation nationale, de l\u2019Enseignement sup\u00e9rieur et de la Recherche, en partenariat avec le Groupe La Poste, aura lieu du 20 au 25 mars 2017. Elle sera plac\u00e9e sous le signe de l\u2019\u00e9ducation \u00e0 la citoyennet\u00e9 et de l\u2019\u00e9veil \u00e0 l\u2019esprit critique.<br \/>\nhttps:\/\/sites.ac-corse.fr\/wp-content\/uploads\/sites\/33\/photo\/art\/default\/1011694-1272563.jpg<\/p>\n<p>\u00ab\u00a0D\u2019o\u00f9 vient l\u2019info ?\u00a0\u00bb<br \/>\nR\u00e9fl\u00e9chir au fonctionnement des m\u00e9dias et de la presse, mieux conna\u00eetre la fa\u00e7on dont les journalistes exercent leur m\u00e9tier, apprendre \u00e0 mieux d\u00e9crypter les contenus, remonter aux sources de l\u2019information : le th\u00e8me <b>\u00ab\u00a0D\u2019o\u00f9 vient l\u2019info ?\u00a0\u00bb<\/b> regroupe l\u2019ensemble des enjeux li\u00e9s \u00e0 l\u2019\u00c9ducation aux m\u00e9dias et \u00e0 l\u2019Information (\u00c9MI). La ministre se f\u00e9licite du choix de ce th\u00e8me qui s\u2019inscrit dans les actions de l\u2019\u00e9cole pour renforcer l\u2019\u00e9veil \u00e0 l\u2019esprit critique.<\/p>\n<p>Le th\u00e8me de cette 28\u00e8me \u00e9dition de la Semaine de la presse et des m\u00e9dias dans l\u2019\u00e9cole\u00ae est d\u00e9fini pour deux ann\u00e9es cons\u00e9cutives.<\/p>\n<p>Calendrier<br \/>\nL&rsquo;inscription des \u00e9coles et des \u00e9tablissements scolaires se fait sur le <a class=\"link\" href=\"http:\/\/www.clemi.fr\/fr\/evenements\/\">site du Clemi<\/a> du jeudi 7 janvier au samedi 6 f\u00e9vrier 2016 en deux temps : <\/p>\n<p> &#8211; du jeudi 7 janvier au jeudi 21 janvier 2016 (12h00) : les enseignants r\u00e9servent un maximum de 40 titres ; <\/p>\n<p> &#8211; du jeudi 21 janvier (12h00) au samedi 6 f\u00e9vrier 2016 : ils remplissent leur panier de titres jusqu&rsquo;\u00e0 \u00e9puisement des stocks ; <\/p>\n<p> &#8211; moins de dix jours apr\u00e8s l&rsquo;inscription : les enseignants re\u00e7oivent un r\u00e9c\u00e9piss\u00e9 d&rsquo;inscription, un dossier p\u00e9dagogique ainsi que deux affiches de la Semaine de la presse et des m\u00e9dias dans l&rsquo;\u00c9cole.<\/p>\n<p>Quelques liens utiles<br \/>\n<a class=\"link\" href=\"http:\/\/www.ac-corse.fr\/DAAC\/docs\/SPME-circulaire-2017.pdf\">T\u00e9l\u00e9chargez la circulaire officielle<\/a><\/p>\n<p><a class=\"link\" href=\"http:\/\/www.presse.education.gouv.fr\/reservation\/\">Inscrivez-vous<\/a><\/p>\n","protected":false},"excerpt":{"rendered":"<p>En 2016, la Semaine de la presse et des m\u00e9dias dans l\u2019\u00e9cole\u00ae a accompagn\u00e9 plus de 3 millions d&rsquo;\u00e9l\u00e8ves \u00e0 la lecture critique et distanci\u00e9e de l&rsquo;information et \u00e0 la production m\u00e9diatique. L\u2019\u00e9dition 2017 de la Semaine de la presse et des m\u00e9dias dans l\u2019\u00e9cole\u00ae, organis\u00e9e par le CLEMI (service du R\u00e9seau Canop\u00e9) avec le [&hellip;]<\/p>\n","protected":false},"author":84,"featured_media":0,"comment_status":"open","ping_status":"open","sticky":false,"template":"","format":"standard","meta":{"footnotes":""},"categories":[1],"tags":[],"class_list":["post-303","post","type-post","status-publish","format-standard","hentry","category-non-classe"],"_links":{"self":[{"href":"https:\/\/sites.ac-corse.fr\/daac\/wp-json\/wp\/v2\/posts\/303","targetHints":{"allow":["GET"]}}],"collection":[{"href":"https:\/\/sites.ac-corse.fr\/daac\/wp-json\/wp\/v2\/posts"}],"about":[{"href":"https:\/\/sites.ac-corse.fr\/daac\/wp-json\/wp\/v2\/types\/post"}],"author":[{"embeddable":true,"href":"https:\/\/sites.ac-corse.fr\/daac\/wp-json\/wp\/v2\/users\/84"}],"replies":[{"embeddable":true,"href":"https:\/\/sites.ac-corse.fr\/daac\/wp-json\/wp\/v2\/comments?post=303"}],"version-history":[{"count":1,"href":"https:\/\/sites.ac-corse.fr\/daac\/wp-json\/wp\/v2\/posts\/303\/revisions"}],"predecessor-version":[{"id":415,"href":"https:\/\/sites.ac-corse.fr\/daac\/wp-json\/wp\/v2\/posts\/303\/revisions\/415"}],"wp:attachment":[{"href":"https:\/\/sites.ac-corse.fr\/daac\/wp-json\/wp\/v2\/media?parent=303"}],"wp:term":[{"taxonomy":"category","embeddable":true,"href":"https:\/\/sites.ac-corse.fr\/daac\/wp-json\/wp\/v2\/categories?post=303"},{"taxonomy":"post_tag","embeddable":true,"href":"https:\/\/sites.ac-corse.fr\/daac\/wp-json\/wp\/v2\/tags?post=303"}],"curies":[{"name":"wp","href":"https:\/\/api.w.org\/{rel}","templated":true}]}}