{"id":304,"date":"2016-12-16T11:42:00","date_gmt":"2016-12-16T10:42:00","guid":{"rendered":"https:\/\/sites.ac-corse.fr\/daac\/2016\/12\/16\/chorales-scolaires-ecole-college-et-lycee\/"},"modified":"2023-01-16T17:58:22","modified_gmt":"2023-01-16T16:58:22","slug":"chorales-scolaires-ecole-college-et-lycee","status":"publish","type":"post","link":"https:\/\/sites.ac-corse.fr\/daac\/2016\/12\/16\/chorales-scolaires-ecole-college-et-lycee\/","title":{"rendered":"Chorales scolaires &#8211; \u00c9cole, coll\u00e8ge et lyc\u00e9e"},"content":{"rendered":"<p>Les chorales scolaires s&rsquo;inscrivent pleinement dans le cadre de la loi d&rsquo;orientation et de programmation pour la refondation de l&rsquo;\u00c9cole de la R\u00e9publique. <\/p>\n<p>Sont d\u00e9taill\u00e9s dans une circulaire :<\/p>\n<p> &#8211; les principes fondateurs<br \/> &#8211; les vertus \u00e9ducatives particuli\u00e8res<br \/> &#8211; le projet artistique de la chorale<br \/> &#8211; la chorale comme \u00e9l\u00e9ment de l&rsquo;identit\u00e9 scolaire<br \/> &#8211; la chorale comme contribution au d\u00e9veloppement des comp\u00e9tences du socle commun<br \/> &#8211; la chorale comme projet structurant du parcours d&rsquo;\u00e9ducation artistique et culturelle<br \/> &#8211; la chorale et le dipl\u00f4me national du brevet<br \/> &#8211; la chorale et le livret scolaire unique du CP \u00e0 la 3e (LSU)<br \/> etc.<\/p>\n<p>T\u00e9l\u00e9chargez la <a class=\"link\" href=\"http:\/\/www.education.gouv.fr\/pid285\/bulletin_officiel.html?cid_bo=110814\">circulaire n\u00b0 2016-201 du 13-12-2016<\/a><\/p>\n","protected":false},"excerpt":{"rendered":"<p>Les chorales scolaires s&rsquo;inscrivent pleinement dans le cadre de la loi d&rsquo;orientation et de programmation pour la refondation de l&rsquo;\u00c9cole de la R\u00e9publique. Sont d\u00e9taill\u00e9s dans une circulaire : &#8211; les principes fondateurs &#8211; les vertus \u00e9ducatives particuli\u00e8res &#8211; le projet artistique de la chorale &#8211; la chorale comme \u00e9l\u00e9ment de l&rsquo;identit\u00e9 scolaire &#8211; la [&hellip;]<\/p>\n","protected":false},"author":84,"featured_media":0,"comment_status":"open","ping_status":"open","sticky":false,"template":"","format":"standard","meta":{"footnotes":""},"categories":[1],"tags":[],"class_list":["post-304","post","type-post","status-publish","format-standard","hentry","category-non-classe"],"_links":{"self":[{"href":"https:\/\/sites.ac-corse.fr\/daac\/wp-json\/wp\/v2\/posts\/304","targetHints":{"allow":["GET"]}}],"collection":[{"href":"https:\/\/sites.ac-corse.fr\/daac\/wp-json\/wp\/v2\/posts"}],"about":[{"href":"https:\/\/sites.ac-corse.fr\/daac\/wp-json\/wp\/v2\/types\/post"}],"author":[{"embeddable":true,"href":"https:\/\/sites.ac-corse.fr\/daac\/wp-json\/wp\/v2\/users\/84"}],"replies":[{"embeddable":true,"href":"https:\/\/sites.ac-corse.fr\/daac\/wp-json\/wp\/v2\/comments?post=304"}],"version-history":[{"count":1,"href":"https:\/\/sites.ac-corse.fr\/daac\/wp-json\/wp\/v2\/posts\/304\/revisions"}],"predecessor-version":[{"id":416,"href":"https:\/\/sites.ac-corse.fr\/daac\/wp-json\/wp\/v2\/posts\/304\/revisions\/416"}],"wp:attachment":[{"href":"https:\/\/sites.ac-corse.fr\/daac\/wp-json\/wp\/v2\/media?parent=304"}],"wp:term":[{"taxonomy":"category","embeddable":true,"href":"https:\/\/sites.ac-corse.fr\/daac\/wp-json\/wp\/v2\/categories?post=304"},{"taxonomy":"post_tag","embeddable":true,"href":"https:\/\/sites.ac-corse.fr\/daac\/wp-json\/wp\/v2\/tags?post=304"}],"curies":[{"name":"wp","href":"https:\/\/api.w.org\/{rel}","templated":true}]}}