{"id":307,"date":"2016-10-27T10:02:00","date_gmt":"2016-10-27T08:02:00","guid":{"rendered":"https:\/\/sites.ac-corse.fr\/daac\/2016\/10\/27\/la-cinquieme-edition-du-prix-de-laudace-artistique-et-culturelle-est-lancee\/"},"modified":"2023-01-16T17:58:36","modified_gmt":"2023-01-16T16:58:36","slug":"la-cinquieme-edition-du-prix-de-laudace-artistique-et-culturelle-est-lancee","status":"publish","type":"post","link":"https:\/\/sites.ac-corse.fr\/daac\/2016\/10\/27\/la-cinquieme-edition-du-prix-de-laudace-artistique-et-culturelle-est-lancee\/","title":{"rendered":"La cinqui\u00e8me \u00e9dition du Prix de l&rsquo;audace artistique et culturelle est lanc\u00e9e"},"content":{"rendered":"<p>Propos\u00e9 dans le cadre de la mise en \u0153uvre du parcours d&rsquo;\u00e9ducation artistique et culturelle (cf circulaire du 3 mai 2013), ce prix a pour mission de favoriser l\u2019acc\u00e8s aux arts et \u00e0 la culture pour tous les jeunes.<\/p>\n<p>Le Secr\u00e9tariat du prix s\u00e9lectionne 15 projets finalistes parmi l\u2019ensemble des projets re\u00e7us. Ces 15 projets finalistes sont ensuite pr\u00e9sent\u00e9s au jury qui s\u00e9lectionne les trois laur\u00e9ats du prix.<\/p>\n<p>Trois laur\u00e9ats se verront d\u00e9cerner une dotation pour la valorisation et le d\u00e9veloppement de leur projet :<br \/>&#8211;\tPremier prix : 10 000 \u20ac<br \/>&#8211;\tDeuxi\u00e8me prix : 7 500 \u20ac<br \/>&#8211;\tTroisi\u00e8me prix : 5 000 \u20ac<\/p>\n<p><b>Les projets d\u2019\u00e9ducation artistique et culturelle concernent tous les domaines d&rsquo;expression artistique et toutes les dimensions de la culture.<\/b><br \/>\nhttps:\/\/sites.ac-corse.fr\/wp-content\/uploads\/sites\/33\/photo\/art\/default\/1011254-1271850.jpg<\/p>\n<p>Crit\u00e8res de s\u00e9lection<br \/>\nPour \u00eatre retenu, un projet doit :<\/p>\n<p> &#8211; combiner pratique artistique, rencontre avec les \u0153uvres, les artistes et les propositions culturelles du territoire, dans une d\u00e9marche de sensibilisation<\/p>\n<p>&#8211; inscrire le projet dans une d\u00e9marche territoriale et partenariale en articulant celui-ci avec les politiques \u00e9ducatives et de d\u00e9veloppement culturel du territoire<\/p>\n<p> &#8211; s&rsquo;int\u00e9grer dans un parcours d&rsquo;\u00e9ducation artistique et culturelle<\/p>\n<p> &#8211; cibler un public d&rsquo;\u00e9l\u00e8ves particuli\u00e8rement \u00e9loign\u00e9s de la pratique et des institutions culturelles<\/p>\n<p> &#8211; porter une r\u00e9elle exigence artistique et une innovation p\u00e9dagogique visibles dans la restitution, le rendu et la production par les \u00e9l\u00e8ves sous quelque forme que ce soit<\/p>\n<p> &#8211; s&rsquo;inscrire de mani\u00e8re durable dans le projet d&rsquo;\u00e9cole ou d&rsquo;\u00e9tablissement scolaire ainsi que dans la dynamique \u00e9ducative du partenaire culturel<br \/> \u00eatre transposable dans d&rsquo;autres \u00e9tablissements scolaires<br \/> s&rsquo;int\u00e9grer dans un parcours d&rsquo;\u00e9ducation artistique et culturelle<\/p>\n<p>Candidatures et calendrier<br \/>\nLes dossiers de candidature sont \u00e0 compl\u00e9ter directement par les porteurs de projets. Ils sont examin\u00e9s conjointement par les d\u00e9l\u00e9gu\u00e9s acad\u00e9miques \u00e0 l&rsquo;\u00e9ducation artistique et \u00e0 l&rsquo;action culturelle (Daac), les conseillers \u00e9ducation artistique et culturelle des directions r\u00e9gionales des affaires culturelles (Drac) qui retournent les dossiers s\u00e9lectionn\u00e9s \u00e0 la Fondation culture &amp; diversit\u00e9, avant le 27 janvier 2017.<\/p>\n<p>Quinze projets finalistes sont s\u00e9lectionn\u00e9s par le secr\u00e9tariat du prix au cours du mois de mars 2017 selon des crit\u00e8res pr\u00e9d\u00e9finis. Trois projets laur\u00e9ats (premier prix, deuxi\u00e8me prix et troisi\u00e8me prix) sont choisis par un jury sur les m\u00eames bases et se voient d\u00e9cerner en juin 2017, une dotation par la Fondation culture &amp; diversit\u00e9 pour la valorisation et la p\u00e9rennisation de leurs projets.<\/p>\n<p>Liens<br \/>\nLa note de pr\u00e9sentation du prix, le dossier de candidature et les crit\u00e8res de s\u00e9lection sont t\u00e9l\u00e9chargeables sur le<a class=\"link\" href=\"http:\/\/www.fondationcultureetdiversite.org\/prix\/prix-de-laudace-artistique-et-culturelle\"> site Internet de la Fondation culture &amp; diversit\u00e9.<\/a><\/p>\n<p><a class=\"link\" href=\"http:\/\/www.education.gouv.fr\/pid285\/bulletin_officiel.html?cid_bo=107803\">la circulaire officielle<\/a><\/p>\n","protected":false},"excerpt":{"rendered":"<p>Propos\u00e9 dans le cadre de la mise en \u0153uvre du parcours d&rsquo;\u00e9ducation artistique et culturelle (cf circulaire du 3 mai 2013), ce prix a pour mission de favoriser l\u2019acc\u00e8s aux arts et \u00e0 la culture pour tous les jeunes. Le Secr\u00e9tariat du prix s\u00e9lectionne 15 projets finalistes parmi l\u2019ensemble des projets re\u00e7us. Ces 15 projets [&hellip;]<\/p>\n","protected":false},"author":84,"featured_media":0,"comment_status":"open","ping_status":"open","sticky":false,"template":"","format":"standard","meta":{"footnotes":""},"categories":[1],"tags":[],"class_list":["post-307","post","type-post","status-publish","format-standard","hentry","category-non-classe"],"_links":{"self":[{"href":"https:\/\/sites.ac-corse.fr\/daac\/wp-json\/wp\/v2\/posts\/307","targetHints":{"allow":["GET"]}}],"collection":[{"href":"https:\/\/sites.ac-corse.fr\/daac\/wp-json\/wp\/v2\/posts"}],"about":[{"href":"https:\/\/sites.ac-corse.fr\/daac\/wp-json\/wp\/v2\/types\/post"}],"author":[{"embeddable":true,"href":"https:\/\/sites.ac-corse.fr\/daac\/wp-json\/wp\/v2\/users\/84"}],"replies":[{"embeddable":true,"href":"https:\/\/sites.ac-corse.fr\/daac\/wp-json\/wp\/v2\/comments?post=307"}],"version-history":[{"count":1,"href":"https:\/\/sites.ac-corse.fr\/daac\/wp-json\/wp\/v2\/posts\/307\/revisions"}],"predecessor-version":[{"id":419,"href":"https:\/\/sites.ac-corse.fr\/daac\/wp-json\/wp\/v2\/posts\/307\/revisions\/419"}],"wp:attachment":[{"href":"https:\/\/sites.ac-corse.fr\/daac\/wp-json\/wp\/v2\/media?parent=307"}],"wp:term":[{"taxonomy":"category","embeddable":true,"href":"https:\/\/sites.ac-corse.fr\/daac\/wp-json\/wp\/v2\/categories?post=307"},{"taxonomy":"post_tag","embeddable":true,"href":"https:\/\/sites.ac-corse.fr\/daac\/wp-json\/wp\/v2\/tags?post=307"}],"curies":[{"name":"wp","href":"https:\/\/api.w.org\/{rel}","templated":true}]}}