{"id":308,"date":"2016-10-13T11:03:00","date_gmt":"2016-10-13T09:03:00","guid":{"rendered":"https:\/\/sites.ac-corse.fr\/daac\/2016\/10\/13\/la-fete-du-court-metrage\/"},"modified":"2023-01-16T17:58:36","modified_gmt":"2023-01-16T16:58:36","slug":"la-fete-du-court-metrage","status":"publish","type":"post","link":"https:\/\/sites.ac-corse.fr\/daac\/2016\/10\/13\/la-fete-du-court-metrage\/","title":{"rendered":"La f\u00eate du court-m\u00e9trage"},"content":{"rendered":"<p>Une manifestation nationale d\u00e9di\u00e9e aux courts m\u00e9trages Du 15 au 18 d\u00e9cembre 2016<br \/>\nUne occasion unique, pour tous dans toute la France, de faire d\u00e9couvrir des films pour petits et grands.<\/p>\n<p>Soyez acteur de cette f\u00eate en diffusant des courts m\u00e9trages choisis parmi de nombreux programmes \u00e9labor\u00e9s par L&rsquo;Agence du court m\u00e9trage sp\u00e9cialement pour cette occasion.<\/p>\n<p>Organisez votre propre projection en faisant d\u00e9couvrir et aimer le court m\u00e9trage !<\/p>\n<p>Les inscriptions seront ouvertes \u00e0 partir d&rsquo;octobre.<\/p>\n<p><a class=\"link\" href=\"http:\/\/www.ac-corse.fr\/DAAC\/docs\/Programme_Fete_court_metrage.pdf\">Le programme :<\/a><\/p>\n<p>Le site<a class=\"link\" href=\"http:\/\/www.lafeteducourt.com\/\"> http:\/\/www.lafeteducourt.com<\/a><br \/>\nhttps:\/\/sites.ac-corse.fr\/wp-content\/uploads\/sites\/33\/photo\/art\/default\/1011104-1271599.jpg<\/p>\n","protected":false},"excerpt":{"rendered":"<p>Une manifestation nationale d\u00e9di\u00e9e aux courts m\u00e9trages Du 15 au 18 d\u00e9cembre 2016 Une occasion unique, pour tous dans toute la France, de faire d\u00e9couvrir des films pour petits et grands. Soyez acteur de cette f\u00eate en diffusant des courts m\u00e9trages choisis parmi de nombreux programmes \u00e9labor\u00e9s par L&rsquo;Agence du court m\u00e9trage sp\u00e9cialement pour cette [&hellip;]<\/p>\n","protected":false},"author":84,"featured_media":0,"comment_status":"open","ping_status":"open","sticky":false,"template":"","format":"standard","meta":{"footnotes":""},"categories":[1],"tags":[],"class_list":["post-308","post","type-post","status-publish","format-standard","hentry","category-non-classe"],"_links":{"self":[{"href":"https:\/\/sites.ac-corse.fr\/daac\/wp-json\/wp\/v2\/posts\/308","targetHints":{"allow":["GET"]}}],"collection":[{"href":"https:\/\/sites.ac-corse.fr\/daac\/wp-json\/wp\/v2\/posts"}],"about":[{"href":"https:\/\/sites.ac-corse.fr\/daac\/wp-json\/wp\/v2\/types\/post"}],"author":[{"embeddable":true,"href":"https:\/\/sites.ac-corse.fr\/daac\/wp-json\/wp\/v2\/users\/84"}],"replies":[{"embeddable":true,"href":"https:\/\/sites.ac-corse.fr\/daac\/wp-json\/wp\/v2\/comments?post=308"}],"version-history":[{"count":1,"href":"https:\/\/sites.ac-corse.fr\/daac\/wp-json\/wp\/v2\/posts\/308\/revisions"}],"predecessor-version":[{"id":420,"href":"https:\/\/sites.ac-corse.fr\/daac\/wp-json\/wp\/v2\/posts\/308\/revisions\/420"}],"wp:attachment":[{"href":"https:\/\/sites.ac-corse.fr\/daac\/wp-json\/wp\/v2\/media?parent=308"}],"wp:term":[{"taxonomy":"category","embeddable":true,"href":"https:\/\/sites.ac-corse.fr\/daac\/wp-json\/wp\/v2\/categories?post=308"},{"taxonomy":"post_tag","embeddable":true,"href":"https:\/\/sites.ac-corse.fr\/daac\/wp-json\/wp\/v2\/tags?post=308"}],"curies":[{"name":"wp","href":"https:\/\/api.w.org\/{rel}","templated":true}]}}