{"id":310,"date":"2016-09-28T09:20:00","date_gmt":"2016-09-28T07:20:00","guid":{"rendered":"https:\/\/sites.ac-corse.fr\/daac\/2016\/09\/28\/lancement-du-concours-je-filme-le-metier-qui-me-plait-saison-10\/"},"modified":"2023-01-16T17:58:36","modified_gmt":"2023-01-16T16:58:36","slug":"lancement-du-concours-je-filme-le-metier-qui-me-plait-saison-10","status":"publish","type":"post","link":"https:\/\/sites.ac-corse.fr\/daac\/2016\/09\/28\/lancement-du-concours-je-filme-le-metier-qui-me-plait-saison-10\/","title":{"rendered":"Lancement du concours \u00ab\u00a0Je filme le m\u00e9tier qui me pla\u00eet \u00a0\u00bb saison 10"},"content":{"rendered":"<p>Le concours \u00ab\u00a0JE FILME LE METIER QUI ME PLA\u00ceT\u00a0\u00bb ann\u00e9e 2016-2017 est ouvert !<br \/>\n\u00ab\u00a0JE FILME LE M\u00c9TIER QUI ME PLA\u00ceT\u00a0\u00bb est un concours p\u00e9dagogique gratuit pr\u00e9conis\u00e9 par le Minist\u00e8re de l\u2019\u00c9ducation Nationale, dans le cadre du \u00ab PARCOURS AVENIR \u00bb comme d\u00e9marche p\u00e9dagogique utile \u00e0 l\u2019\u00e9l\u00e8ve pour lui permettre, notamment, d\u2019\u00e9laborer son projet d\u2019orientation scolaire et professionnelle.<\/p>\n<p> Le concours \u00ab\u00a0JE FILME LE M\u00c9TIER QUI ME PLA\u00ceT\u00a0\u00bb est r\u00e9f\u00e9renc\u00e9 sur le <a class=\"link\" href=\"http:\/\/eduscol.education.fr\/cid54908\/ressources-pour-le-parcours-avenir.html#lien3\">site EDUSCOL dans les ressources pour le parcours Avenir.<\/a><br \/>\nhttps:\/\/sites.ac-corse.fr\/wp-content\/uploads\/sites\/33\/photo\/art\/default\/1010998-1271341.jpg<\/p>\n<p>Pourquoi participer ?<br \/>\n\u00ab\u00a0JE FILME LE M\u00c9TIER QUI ME PLA\u00ceT\u00a0\u00bb r\u00e9pond aux <b>objectifs p\u00e9dagogiques du \u00ab\u00a0parcours Avenir\u00a0\u00bb<\/b>, notamment en permettant \u00e0 l\u2019\u00e9l\u00e8ve de :<\/p>\n<p>&#8211; d\u00e9couvrir le monde \u00e9conomique et professionnel et ses m\u00e9tiers<br \/>&#8211; d\u00e9velopper le sens de l\u2019engagement et de l\u2019initiative ;<br \/>&#8211; \u00e9laborer son projet d\u2019orientation scolaire et professionnel.<\/p>\n<p>Sous le signe des m\u00e9tiers qui procurent des emplois, le concours b\u00e9n\u00e9ficie du soutien d&rsquo;entreprises partenaires, mais \u00e9galement du Minist\u00e8re du travail, de l&rsquo;Emploi, de la Formation professionnelle et du Dialogue social.<\/p>\n<p>Les projets vid\u00e9o peuvent \u00eatre pr\u00e9sent\u00e9s dans 1 ou plusieurs cat\u00e9gories qui portent sur les m\u00e9tiers num\u00e9riques, technologiques, techniques, industriels, agricoles mais aussi sur la grande distribution, l&rsquo;entrepreneuriat ou l&rsquo;artisanat&#8230; il existe \u00e9galement des cat\u00e9gories \u00ab\u00a0transverses\u00a0\u00bb telles que \u00ab\u00a0halte aux id\u00e9es re\u00e7ues\u00a0\u00bb, \u00ab\u00a0le m\u00e9tier de mes r\u00eaves\u00a0\u00bb&#8230;<\/p>\n<p>Tous les jeunes, au sein des coll\u00e8ges, lyc\u00e9es, CFA, universit\u00e9s, et aussi des structures d\u2019insertion, sont invit\u00e9s \u00e0 restituer leur d\u00e9couverte d\u2019un m\u00e9tier, ou d\u2019une organisation\/entreprise, sous forme d\u2019une vid\u00e9o de 3 minutes maximum, ceci sous l\u2019\u00e9gide d\u2019enseignants r\u00e9f\u00e9rents, porteur de projets.<br \/>Dans le second degr\u00e9, les projets peuvent s\u2019inscrire dans le cadre des EPI (Enseignements Pratiques Interdisciplinaires) et\/ou de l\u2019accompagnement personnalis\u00e9 etc&#8230;<\/p>\n<p>Pour cette nouvelle saison, plus de 2500 projets sont attendus. Lors de la saison 9, plus de 2000 dossiers avaient \u00e9t\u00e9 s\u00e9lectionn\u00e9s, donnant lieu \u00e0 une s\u00e9lection officielle de plus de 600 films, traitant de plus de 300 m\u00e9tiers diff\u00e9rents.<\/p>\n<p>Un jury prestigieux, compos\u00e9 de personnalit\u00e9s issues du monde \u00e9conomique, des m\u00e9dias et de l&rsquo;\u00e9ducation, remettra les prix aux laur\u00e9ats :<\/p>\n<p><b>le mardi 23 mai 2017, au Grand Rex Paris le plus grand cin\u00e9ma d\u2019Europe<\/b><\/p>\n<p><b>Nouveau, saison 10 !!<\/b><br \/>Les acad\u00e9mies et entit\u00e9s territoriales qui le souhaitent peuvent \u00eatre partenaires du concours et valoriser \u00ablocalement\u00bb les r\u00e9alisations des jeunes et des enseignants: voir onglet \u00ab\u00a0TERRITOIRES\u00a0\u00bb sur le site<\/p>\n<p><b>Dates cl\u00e9s \u00e0 retenir : <br \/>&#8211; 22 janvier 2017 au plus tard : r\u00e9ception des candidatures<br \/>&#8211; 12 mars 2017 au plus tard : r\u00e9ception des films<\/b><\/p>\n<p>liens utiles<br \/>\n<a class=\"link\" href=\"http:\/\/www.jefilmelemetierquimeplait.tv\/\">Site je filme le m\u00e9tier qui me plait<\/a><\/p>\n<p><a class=\"link\" href=\"http:\/\/www.lecanaldesmetiers.tv\/\">Site Le canal des m\u00e9tiers<\/a><\/p>\n","protected":false},"excerpt":{"rendered":"<p>Le concours \u00ab\u00a0JE FILME LE METIER QUI ME PLA\u00ceT\u00a0\u00bb ann\u00e9e 2016-2017 est ouvert ! \u00ab\u00a0JE FILME LE M\u00c9TIER QUI ME PLA\u00ceT\u00a0\u00bb est un concours p\u00e9dagogique gratuit pr\u00e9conis\u00e9 par le Minist\u00e8re de l\u2019\u00c9ducation Nationale, dans le cadre du \u00ab PARCOURS AVENIR \u00bb comme d\u00e9marche p\u00e9dagogique utile \u00e0 l\u2019\u00e9l\u00e8ve pour lui permettre, notamment, d\u2019\u00e9laborer son projet d\u2019orientation [&hellip;]<\/p>\n","protected":false},"author":84,"featured_media":0,"comment_status":"open","ping_status":"open","sticky":false,"template":"","format":"standard","meta":{"footnotes":""},"categories":[1],"tags":[],"class_list":["post-310","post","type-post","status-publish","format-standard","hentry","category-non-classe"],"_links":{"self":[{"href":"https:\/\/sites.ac-corse.fr\/daac\/wp-json\/wp\/v2\/posts\/310","targetHints":{"allow":["GET"]}}],"collection":[{"href":"https:\/\/sites.ac-corse.fr\/daac\/wp-json\/wp\/v2\/posts"}],"about":[{"href":"https:\/\/sites.ac-corse.fr\/daac\/wp-json\/wp\/v2\/types\/post"}],"author":[{"embeddable":true,"href":"https:\/\/sites.ac-corse.fr\/daac\/wp-json\/wp\/v2\/users\/84"}],"replies":[{"embeddable":true,"href":"https:\/\/sites.ac-corse.fr\/daac\/wp-json\/wp\/v2\/comments?post=310"}],"version-history":[{"count":1,"href":"https:\/\/sites.ac-corse.fr\/daac\/wp-json\/wp\/v2\/posts\/310\/revisions"}],"predecessor-version":[{"id":422,"href":"https:\/\/sites.ac-corse.fr\/daac\/wp-json\/wp\/v2\/posts\/310\/revisions\/422"}],"wp:attachment":[{"href":"https:\/\/sites.ac-corse.fr\/daac\/wp-json\/wp\/v2\/media?parent=310"}],"wp:term":[{"taxonomy":"category","embeddable":true,"href":"https:\/\/sites.ac-corse.fr\/daac\/wp-json\/wp\/v2\/categories?post=310"},{"taxonomy":"post_tag","embeddable":true,"href":"https:\/\/sites.ac-corse.fr\/daac\/wp-json\/wp\/v2\/tags?post=310"}],"curies":[{"name":"wp","href":"https:\/\/api.w.org\/{rel}","templated":true}]}}