{"id":313,"date":"2016-09-05T11:27:00","date_gmt":"2016-09-05T09:27:00","guid":{"rendered":"https:\/\/sites.ac-corse.fr\/daac\/2016\/09\/05\/dispositifs-deducation-a-limage-un-enseignant-une-classe-trois-films-2\/"},"modified":"2023-01-16T17:58:36","modified_gmt":"2023-01-16T16:58:36","slug":"dispositifs-deducation-a-limage-un-enseignant-une-classe-trois-films-2","status":"publish","type":"post","link":"https:\/\/sites.ac-corse.fr\/daac\/2016\/09\/05\/dispositifs-deducation-a-limage-un-enseignant-une-classe-trois-films-2\/","title":{"rendered":"Dispositifs d&rsquo;\u00e9ducation \u00e0 l&rsquo;image &#8211; Un enseignant, une classe, trois films."},"content":{"rendered":"<p>Depuis leur cr\u00e9ation les dispositifs \u00ab\u00a0Coll\u00e8ge au cin\u00e9ma\u00a0\u00bb et \u00ab Lyc\u00e9ens et apprentis au cin\u00e9ma \u00bb en partenariat avec le CNC, la CTC, les associations et les salles de cin\u00e9ma, proposent aux \u00e9l\u00e8ves, de d\u00e9couvrir des \u0153uvres cin\u00e9matographiques lors de projections organis\u00e9es sp\u00e9cialement \u00e0 leur intention dans les salles de cin\u00e9ma et de se constituer ainsi, gr\u00e2ce au travail p\u00e9dagogique d&rsquo;accompagnement conduit par les enseignants et les partenaires culturels, les bases d&rsquo;une culture cin\u00e9matographique. <br \/>La participation \u00e0 cette action repose sur le volontariat des chefs d&rsquo;\u00e9tablissements et des enseignants qui souhaitent y faire participer leurs classes. Les activit\u00e9s de Coll\u00e8ge au cin\u00e9ma sont inscrites dans le temps et le calendrier scolaire au rythme minimum d&rsquo;une projection par trimestre.<br \/>\nhttps:\/\/sites.ac-corse.fr\/wp-content\/uploads\/sites\/33\/photo\/art\/default\/1010829-1271102.jpg<\/p>\n<p>Objectifs et moyens<br \/>\n&#8211; former le go\u00fbt et susciter la curiosit\u00e9 de l&rsquo;\u00e9l\u00e8ve spectateur par la d\u00e9couverte d\u2019\u0153uvres cin\u00e9matographiques en salle, dans leur format d&rsquo;origine, notamment en version originale <br \/>&#8211; offrir, dans le cadre du partenariat entre les minist\u00e8res concern\u00e9s et les collectivit\u00e9s territoriales, des prolongements p\u00e9dagogiques et des formations <br \/>&#8211; veiller \u00e0 l\u2019acc\u00e8s sur l&rsquo;ensemble du territoire du plus grand nombre d&rsquo;\u00e9l\u00e8ves \u00e0 la culture cin\u00e9matographique <br \/>&#8211; participer au d\u00e9veloppement d&rsquo;une pratique culturelle de qualit\u00e9 en favorisant le d\u00e9veloppement de liens r\u00e9guliers entre les jeunes et les salles de cin\u00e9ma <\/p>\n<p>Les films pr\u00e9sent\u00e9s en version originale sous-titr\u00e9e en fran\u00e7ais, b\u00e9n\u00e9ficient de tirages de copies neuves ; ils sont majoritairement class\u00e9s art et essai et privil\u00e9gient les films fran\u00e7ais, europ\u00e9ens et les cin\u00e9matographies peu diffus\u00e9es. <br \/>Chaque film est accompagn\u00e9 d&rsquo;un dossier p\u00e9dagogique (dossier ma\u00eetre) destin\u00e9 \u00e0 l&rsquo;enseignant et d&rsquo;une fiche th\u00e9matique remise \u00e0 chaque \u00e9l\u00e8ve (fiche \u00e9l\u00e8ve). <br \/><b><br \/>pour participer<\/b><br \/>Les enseignants d\u00e9sireux de participer doivent s&rsquo;inscrire en renvoyant le formulaire d&rsquo;inscription sign\u00e9 par courrier avant le 30 septembre 2016 d\u00e9lai de rigueur \u00e0 l&rsquo;adresse : <br \/> Les films au programme<\/p>\n<p>Les films au programme cette ann\u00e9e<br \/>\n<span class=\"fluo_cyan\">En Corse du Sud<\/span><\/p>\n<p><b>Coll\u00e8ge au cin\u00e9ma<\/b><\/p>\n<p><b>\u00ab\u00a0Hors-jeu\u00a0\u00bb<\/b> &#8211; Jafar Panahi, Iran(2006) \u2013 1h 28<br \/><b><br \/>\u00ab\u00a0Cyclone \u00e0 la Jama\u00efque\u00a0\u00bb<\/b> Alexandre Mackendrick, \u00c9tats-Unis(1965) &#8211; 1H 44<\/p>\n<p><b>\u00a0\u00bb Les 400 coups\u00a0\u00bb<\/b> &#8211; Fran\u00e7ois Truffaut, France (1959) \u2013 1h 33<br \/><b><br \/>Lyc\u00e9ens et apprentis au cin\u00e9ma<\/b><\/p>\n<p><b>\u00ab\u00a0Une bouteille \u00e0 la mer\u00a0\u00bb<\/b> &#8211; franco-canado-isra\u00e9lien -Thierry Binisti, 2011 \u2027 Drame\/Com\u00e9die \u2027 1h 40m<\/p>\n<p><b>\u00ab\u00a0Nostalgie de la lumi\u00e8re\u00a0\u00bb<\/b> &#8211; documentaire franco-chilien Patricio Guzm\u00e1n \u2013 2010 \u2013 1h 30m<br \/><b><br \/>\u00ab\u00a0Match Point\u00a0\u00bb<\/b> &#8211; am\u00e9ricano-britannique &#8211; dramatique &#8211; Woody Allen -2005 &#8211; 2h 03<\/p>\n<p><span class=\"fluo_cyan\">en Haute-Corse<\/span><\/p>\n<p><b>Coll\u00e9giens au cin\u00e9ma<\/b><br \/><b><br \/>\u00ab\u00a0Au revoir les enfants\u00a0\u00bb<\/b> &#8211; Louis Malle, France \u2013 Allemagne \u2013 Italie &#8211; 1987) \u2013 1h 43<\/p>\n<p><b>\u00ab\u00a0Blanca Nieves\u00a0\u00bb<\/b> &#8211; Pablo Berger, Espagne &#8211; (2013) \u2013 1h 49<\/p>\n<p><b>\u00ab\u00a0Cyclone \u00e0 la Jama\u00efque\u00a0\u00bb<\/b>&#8211; Alexandre Mackendrick, \u00c9tats-Unis(1965) &#8211; 1H 44<\/p>\n<p><b>Lyc\u00e9ens et apprentis au cin\u00e9ma<\/b><br \/><b><br \/>\u00ab\u00a0De battre, mon c\u0153ur s\u2019est arr\u00eat\u00e9\u00a0\u00bb<\/b> \u2013 France, Jacques Audiard 2005 \u2027 Drame &#8211; 1h 40m<\/p>\n<p><b>\u00ab\u00a0Une belle fin\u00a0\u00bb<\/b> &#8211; Italie \u2013 Grande Bretagne, Uberto Pasolini \u2013 2015 \u2013 1h 27m<br \/><b><br \/>\u00ab\u00a0Match Point\u00a0\u00bb<\/b> &#8211; am\u00e9ricano-britannique &#8211; dramatique &#8211; Woody Allen -2005 &#8211; 2h 03<br \/>\nhttps:\/\/sites.ac-corse.fr\/wp-content\/uploads\/sites\/33\/photo\/art\/default\/1010829-1271104.jpg<\/p>\n<p>les sites du CNC et les formulaires d&rsquo;inscription<br \/>\n<a class=\"link\" href=\"http:\/\/www.cnc.fr\/web\/fr\/college-au-cinema\">coll\u00e8ge au cin\u00e9ma<\/a><\/p>\n<p><a class=\"link\" href=\"http:\/\/www.cnc.fr\/web\/fr\/lyceens-et-apprentis-au-cinema\">lyc\u00e9ens et apprentis au cin\u00e9ma<\/a><\/p>\n<p><a class=\"link\" href=\"http:\/\/www.ac-corse.fr\/DAAC\/docs\/cinema\/Fiche%20d%27%27engagement%20coll%20giens%20au%20cinema%202A%202016-2017.pdf\">Formulaire d&rsquo;inscription Coll\u00e8ge au Cin\u00e9ma 2A<\/a><\/p>\n<p><a class=\"link\" href=\"http:\/\/www.ac-corse.fr\/DAAC\/docs\/cinema\/Fiche%20d%27%27engagement%20coll%20giens%20au%20cinema%202B%202016-2017.pdf\">Formulaire d&rsquo;inscription Coll\u00e8ge au Cin\u00e9ma 2B<\/a><br \/><a class=\"link\" href=\"http:\/\/www.ac-corse.fr\/DAAC\/docs\/cinema\/fiche%20d%27%27engagement%20Lyc%20ens%20au%20cin%20ma%202A%202017.pdf\"><br \/>Formulaire d&rsquo;inscription Lyc\u00e9ens et apprentis au Cin\u00e9ma 2A<\/a><br \/><a class=\"link\" href=\"http:\/\/www.ac-corse.fr\/DAAC\/docs\/cinema\/fiche%20d%27%27engagement%20Lyc%20ens%20au%20cin%20ma%202B%202017.pdf\"><br \/>Formulaire d&rsquo;inscription Lyc\u00e9ens et apprentis au Cin\u00e9ma 2B<\/a><\/p>\n","protected":false},"excerpt":{"rendered":"<p>Depuis leur cr\u00e9ation les dispositifs \u00ab\u00a0Coll\u00e8ge au cin\u00e9ma\u00a0\u00bb et \u00ab Lyc\u00e9ens et apprentis au cin\u00e9ma \u00bb en partenariat avec le CNC, la CTC, les associations et les salles de cin\u00e9ma, proposent aux \u00e9l\u00e8ves, de d\u00e9couvrir des \u0153uvres cin\u00e9matographiques lors de projections organis\u00e9es sp\u00e9cialement \u00e0 leur intention dans les salles de cin\u00e9ma et de se constituer [&hellip;]<\/p>\n","protected":false},"author":84,"featured_media":0,"comment_status":"open","ping_status":"open","sticky":false,"template":"","format":"standard","meta":{"footnotes":""},"categories":[1],"tags":[],"class_list":["post-313","post","type-post","status-publish","format-standard","hentry","category-non-classe"],"_links":{"self":[{"href":"https:\/\/sites.ac-corse.fr\/daac\/wp-json\/wp\/v2\/posts\/313","targetHints":{"allow":["GET"]}}],"collection":[{"href":"https:\/\/sites.ac-corse.fr\/daac\/wp-json\/wp\/v2\/posts"}],"about":[{"href":"https:\/\/sites.ac-corse.fr\/daac\/wp-json\/wp\/v2\/types\/post"}],"author":[{"embeddable":true,"href":"https:\/\/sites.ac-corse.fr\/daac\/wp-json\/wp\/v2\/users\/84"}],"replies":[{"embeddable":true,"href":"https:\/\/sites.ac-corse.fr\/daac\/wp-json\/wp\/v2\/comments?post=313"}],"version-history":[{"count":1,"href":"https:\/\/sites.ac-corse.fr\/daac\/wp-json\/wp\/v2\/posts\/313\/revisions"}],"predecessor-version":[{"id":425,"href":"https:\/\/sites.ac-corse.fr\/daac\/wp-json\/wp\/v2\/posts\/313\/revisions\/425"}],"wp:attachment":[{"href":"https:\/\/sites.ac-corse.fr\/daac\/wp-json\/wp\/v2\/media?parent=313"}],"wp:term":[{"taxonomy":"category","embeddable":true,"href":"https:\/\/sites.ac-corse.fr\/daac\/wp-json\/wp\/v2\/categories?post=313"},{"taxonomy":"post_tag","embeddable":true,"href":"https:\/\/sites.ac-corse.fr\/daac\/wp-json\/wp\/v2\/tags?post=313"}],"curies":[{"name":"wp","href":"https:\/\/api.w.org\/{rel}","templated":true}]}}