{"id":315,"date":"2016-05-11T11:12:00","date_gmt":"2016-05-11T09:12:00","guid":{"rendered":"https:\/\/sites.ac-corse.fr\/daac\/2016\/05\/11\/prix-jean-renoir-des-lyceens-2016-2017\/"},"modified":"2023-01-16T17:58:36","modified_gmt":"2023-01-16T16:58:36","slug":"prix-jean-renoir-des-lyceens-2016-2017","status":"publish","type":"post","link":"https:\/\/sites.ac-corse.fr\/daac\/2016\/05\/11\/prix-jean-renoir-des-lyceens-2016-2017\/","title":{"rendered":"Prix Jean Renoir des lyc\u00e9ens 2016 &#8211; 2017"},"content":{"rendered":"<p>Conditions d\u2019inscription<br \/>\n&#8211; Ouvert \u00e0 tous les lyc\u00e9es, le Prix Jean Renoir des lyc\u00e9ens s\u2019adresse prioritairement aux classes de zones rurales, p\u00e9ri-urbaines ou relevant de l\u2019\u00e9ducation prioritaire et aux classes de lyc\u00e9es professionnels.<\/p>\n<p> &#8211; La principale condition de participation au Prix Jean Renoir des lyc\u00e9ens est que le lyc\u00e9e soit d\u00e9j\u00e0 inscrit ou s\u2019inscrive \u00e0 la rentr\u00e9e 2016 dans le dispositif \u00ab Lyc\u00e9ens et apprentis au cin\u00e9ma \u00bb.<\/p>\n<p> &#8211; Les classes candidates ne doivent pas b\u00e9n\u00e9ficier d\u2019une option cin\u00e9ma ou d\u2019un autre dispositif cin\u00e9ma. Aussi, la classe qui postule ne peut \u00eatre celle qui, dans l\u2019\u00e9tablissement, participe au dispositif \u00ab Lyc\u00e9ens et apprentis au cin\u00e9ma \u00bb.<\/p>\n<p> &#8211; Une seule classe par \u00e9tablissement peut participer au Prix.<\/p>\n<p> &#8211; Une classe ne peut participer au Prix plus de deux fois en quatre ans.<br \/>\nhttps:\/\/sites.ac-corse.fr\/wp-content\/uploads\/sites\/33\/photo\/art\/default\/1010275-1270116.jpg<\/p>\n<p>S&rsquo;inscrire pour participer au Prix Jean Renoir des lyc\u00e9ens<br \/>\nPour t\u00e9l\u00e9charger la circulaire publi\u00e9e au B.O. le 15 avril 2016 et acc\u00e9der \u00e0 la constitution du dossier, cliquez sur le lien ci-dessous <br \/><a class=\"link\" href=\"http:\/\/eduscol.education.fr\/pjrl\/presentation\/s-inscire\">Prix jean Renoir des lyc\u00e9ens sur EDUSCOL<\/a><\/p>\n","protected":false},"excerpt":{"rendered":"<p>Conditions d\u2019inscription &#8211; Ouvert \u00e0 tous les lyc\u00e9es, le Prix Jean Renoir des lyc\u00e9ens s\u2019adresse prioritairement aux classes de zones rurales, p\u00e9ri-urbaines ou relevant de l\u2019\u00e9ducation prioritaire et aux classes de lyc\u00e9es professionnels. &#8211; La principale condition de participation au Prix Jean Renoir des lyc\u00e9ens est que le lyc\u00e9e soit d\u00e9j\u00e0 inscrit ou s\u2019inscrive \u00e0 [&hellip;]<\/p>\n","protected":false},"author":84,"featured_media":0,"comment_status":"open","ping_status":"open","sticky":false,"template":"","format":"standard","meta":{"footnotes":""},"categories":[1],"tags":[],"class_list":["post-315","post","type-post","status-publish","format-standard","hentry","category-non-classe"],"_links":{"self":[{"href":"https:\/\/sites.ac-corse.fr\/daac\/wp-json\/wp\/v2\/posts\/315","targetHints":{"allow":["GET"]}}],"collection":[{"href":"https:\/\/sites.ac-corse.fr\/daac\/wp-json\/wp\/v2\/posts"}],"about":[{"href":"https:\/\/sites.ac-corse.fr\/daac\/wp-json\/wp\/v2\/types\/post"}],"author":[{"embeddable":true,"href":"https:\/\/sites.ac-corse.fr\/daac\/wp-json\/wp\/v2\/users\/84"}],"replies":[{"embeddable":true,"href":"https:\/\/sites.ac-corse.fr\/daac\/wp-json\/wp\/v2\/comments?post=315"}],"version-history":[{"count":1,"href":"https:\/\/sites.ac-corse.fr\/daac\/wp-json\/wp\/v2\/posts\/315\/revisions"}],"predecessor-version":[{"id":427,"href":"https:\/\/sites.ac-corse.fr\/daac\/wp-json\/wp\/v2\/posts\/315\/revisions\/427"}],"wp:attachment":[{"href":"https:\/\/sites.ac-corse.fr\/daac\/wp-json\/wp\/v2\/media?parent=315"}],"wp:term":[{"taxonomy":"category","embeddable":true,"href":"https:\/\/sites.ac-corse.fr\/daac\/wp-json\/wp\/v2\/categories?post=315"},{"taxonomy":"post_tag","embeddable":true,"href":"https:\/\/sites.ac-corse.fr\/daac\/wp-json\/wp\/v2\/tags?post=315"}],"curies":[{"name":"wp","href":"https:\/\/api.w.org\/{rel}","templated":true}]}}