{"id":316,"date":"2016-05-09T15:00:00","date_gmt":"2016-05-09T13:00:00","guid":{"rendered":"https:\/\/sites.ac-corse.fr\/daac\/2016\/05\/09\/2eme-edition-de-la-journee-des-arts-a-lecole\/"},"modified":"2023-01-16T17:58:36","modified_gmt":"2023-01-16T16:58:36","slug":"2eme-edition-de-la-journee-des-arts-a-lecole","status":"publish","type":"post","link":"https:\/\/sites.ac-corse.fr\/daac\/2016\/05\/09\/2eme-edition-de-la-journee-des-arts-a-lecole\/","title":{"rendered":"2\u00e8me \u00e9dition de la Journ\u00e9e des arts \u00e0 l&rsquo;\u00e9cole"},"content":{"rendered":"<p>Objectifs<br \/>\nLa Journ\u00e9e des arts \u00e0 l&rsquo;\u00c9cole est con\u00e7ue comme un temps fort de la vie des \u00e9coles et des \u00e9tablissements qui t\u00e9moigne d&rsquo;une dynamique en faveur de l&rsquo;expression des apprentissages et des pratiques des \u00e9l\u00e8ves sous toutes leurs formes (arts plastiques, musique, th\u00e9\u00e2tre, danse, art vid\u00e9o, cr\u00e9ation num\u00e9rique, bande dessin\u00e9e, etc.). Les projets relevant de la transmission culturelle seront \u00e9galement mis \u00e0 l&rsquo;honneur (d\u00e9couverte du patrimoine, fr\u00e9quentation des mus\u00e9es, rencontres avec des artistes, etc.).<\/p>\n<p> Elle est l&rsquo;occasion de valoriser le volet culturel du projet d&rsquo;\u00e9cole ou d&rsquo;\u00e9tablissement avec l&rsquo;appui, dans les lyc\u00e9es, du r\u00e9f\u00e9rent culture, charg\u00e9 d&rsquo;assurer la coh\u00e9rence, la qualit\u00e9 et le suivi de sa mise en \u0153uvre.<\/p>\n<p>Ainsi, les projets men\u00e9s dans le courant de l&rsquo;ann\u00e9e scolaire par les \u00e9quipes \u00e9ducatives et les acteurs culturels pourront \u00eatre valoris\u00e9s aupr\u00e8s de l&rsquo;ensemble de la communaut\u00e9 \u00e9ducative et en particulier des parents d&rsquo;\u00e9l\u00e8ves.<\/p>\n<p>Les \u00e9coles et \u00e9tablissements sont invit\u00e9s \u00e0 pr\u00e9senter et \u00e0 valoriser la diversit\u00e9 des formes d&rsquo;expression artistique aussi bien que la singularit\u00e9 de leurs projets : participation \u00e0 des projets de territoire, r\u00e9sidences d&rsquo;artistes, jumelages, ateliers artistiques, chorales, exposition d&rsquo;\u0153uvres d&rsquo;art et de r\u00e9alisations produites par les jeunes, m\u00e9diation autour des \u0153uvres dans les mus\u00e9es (dispositif \u00ab La classe, l&rsquo;\u0153uvre \u00bb), mise en valeur des \u0153uvres du 1 % artistique comme dans le cadre des Journ\u00e9es europ\u00e9ennes du patrimoine, ou toute autre activit\u00e9 scolaire \u00e0 vocation artistique et culturelle, etc.<\/p>\n<p> Les projets d\u00e9velopp\u00e9s au cours de l&rsquo;ann\u00e9e scolaire dans le cadre de l&rsquo;op\u00e9ration \u00ab 2016, Ann\u00e9e de La Marseillaise \u00bb gagneront \u00e0 \u00eatre mis en lumi\u00e8re \u00e0 cette occasion.<\/p>\n<p> La valorisation de ces projets pourra prendre des formes aussi diverses qu&rsquo;une exposition, une repr\u00e9sentation th\u00e9\u00e2trale, un concert, des lectures publiques, une visite guid\u00e9e de l&rsquo;\u00e9tablissement mettant en valeur sa dynamique culturelle, etc.<\/p>\n<p>Modalit\u00e9s<br \/>\nLes \u00e9coles et les \u00e9tablissements scolaires mettront en place la seconde \u00e9dition de la Journ\u00e9e des arts \u00e0 l&rsquo;\u00c9cole entre le 17 mai et la fin de l&rsquo;ann\u00e9e scolaire 2015-2016.<\/p>\n<p>Les partenaires culturels locaux et les collectivit\u00e9s territoriales impliqu\u00e9s dans la conduite des projets d&rsquo;\u00e9ducation artistique et culturelle seront associ\u00e9s \u00e0 ce temps fort. Les \u00e9coles et \u00e9tablissements relevant du m\u00eame secteur pourront \u00eatre convi\u00e9s. De m\u00eame, l&rsquo;ensemble de la communaut\u00e9 \u00e9ducative de l&rsquo;\u00e9cole ou de l&rsquo;\u00e9tablissement, et en particulier les parents d&rsquo;\u00e9l\u00e8ves, sera invit\u00e9.<\/p>\n<p>Les \u00e9coles sup\u00e9rieures du professorat et de l&rsquo;\u00e9ducation (Espe) pourront \u00e9galement prendre part \u00e0 l&rsquo;op\u00e9ration, offrant ainsi l&rsquo;opportunit\u00e9 aux \u00e9tudiants de pr\u00e9senter leurs r\u00e9alisations artistiques. <\/p>\n<p>En lien avec leurs partenaires, les directeurs d&rsquo;\u00e9cole et les chefs d&rsquo;\u00e9tablissement organiseront des \u00e9v\u00e9nements exprimant la dynamique des projets mis en \u0153uvre par les \u00e9quipes \u00e9ducatives et culturelles qui auront permis aux \u00e9l\u00e8ves d&rsquo;ouvrir leur horizon artistique et culturel.<\/p>\n","protected":false},"excerpt":{"rendered":"<p>Objectifs La Journ\u00e9e des arts \u00e0 l&rsquo;\u00c9cole est con\u00e7ue comme un temps fort de la vie des \u00e9coles et des \u00e9tablissements qui t\u00e9moigne d&rsquo;une dynamique en faveur de l&rsquo;expression des apprentissages et des pratiques des \u00e9l\u00e8ves sous toutes leurs formes (arts plastiques, musique, th\u00e9\u00e2tre, danse, art vid\u00e9o, cr\u00e9ation num\u00e9rique, bande dessin\u00e9e, etc.). Les projets relevant [&hellip;]<\/p>\n","protected":false},"author":84,"featured_media":0,"comment_status":"open","ping_status":"open","sticky":false,"template":"","format":"standard","meta":{"footnotes":""},"categories":[1],"tags":[],"class_list":["post-316","post","type-post","status-publish","format-standard","hentry","category-non-classe"],"_links":{"self":[{"href":"https:\/\/sites.ac-corse.fr\/daac\/wp-json\/wp\/v2\/posts\/316","targetHints":{"allow":["GET"]}}],"collection":[{"href":"https:\/\/sites.ac-corse.fr\/daac\/wp-json\/wp\/v2\/posts"}],"about":[{"href":"https:\/\/sites.ac-corse.fr\/daac\/wp-json\/wp\/v2\/types\/post"}],"author":[{"embeddable":true,"href":"https:\/\/sites.ac-corse.fr\/daac\/wp-json\/wp\/v2\/users\/84"}],"replies":[{"embeddable":true,"href":"https:\/\/sites.ac-corse.fr\/daac\/wp-json\/wp\/v2\/comments?post=316"}],"version-history":[{"count":1,"href":"https:\/\/sites.ac-corse.fr\/daac\/wp-json\/wp\/v2\/posts\/316\/revisions"}],"predecessor-version":[{"id":428,"href":"https:\/\/sites.ac-corse.fr\/daac\/wp-json\/wp\/v2\/posts\/316\/revisions\/428"}],"wp:attachment":[{"href":"https:\/\/sites.ac-corse.fr\/daac\/wp-json\/wp\/v2\/media?parent=316"}],"wp:term":[{"taxonomy":"category","embeddable":true,"href":"https:\/\/sites.ac-corse.fr\/daac\/wp-json\/wp\/v2\/categories?post=316"},{"taxonomy":"post_tag","embeddable":true,"href":"https:\/\/sites.ac-corse.fr\/daac\/wp-json\/wp\/v2\/tags?post=316"}],"curies":[{"name":"wp","href":"https:\/\/api.w.org\/{rel}","templated":true}]}}