{"id":324,"date":"2016-03-07T16:04:00","date_gmt":"2016-03-07T15:04:00","guid":{"rendered":"https:\/\/sites.ac-corse.fr\/daac\/2016\/03\/07\/le-printemps-des-poetes\/"},"modified":"2023-01-16T17:58:36","modified_gmt":"2023-01-16T16:58:36","slug":"le-printemps-des-poetes","status":"publish","type":"post","link":"https:\/\/sites.ac-corse.fr\/daac\/2016\/03\/07\/le-printemps-des-poetes\/","title":{"rendered":"Le Printemps des po\u00e8tes"},"content":{"rendered":"<p>La th\u00e9matique de la 18e \u00e9dition est \u00ab\u00a0Le grand XXe d&rsquo;Apollinaire \u00e0 Bonnefoy &#8211; cent ans de po\u00e9sie\u00a0\u00bb.<br \/>\nLes participants \u00e0 cet \u00e9v\u00e9nement peuvent s&#8217;emparer de ce th\u00e8me pour mettre en oeuvre des actions sp\u00e9cifiques parmi lesquelles :<br \/><b><br \/>\u00c0 chacun son po\u00e8te !<\/b><\/p>\n<p>Il s&rsquo;agit de r\u00e9aliser une vid\u00e9o participative dans la cour, le hall de l&rsquo;\u00e9tablissement, en invitant les \u00e9l\u00e8ves, enseignants, personnels, \u00e0 parler des po\u00e8tes du XXe si\u00e8cle qui les ont particuli\u00e8rement marqu\u00e9s.<br \/><b><br \/>Mon \u00e9cole \/ ma classe&#8230; pour un po\u00e8te<\/b><\/p>\n<p>Les \u00e9tablissements portant le nom d&rsquo;un po\u00e8te du XXe si\u00e8cle sont invit\u00e9s \u00e0 travailler autour de cet auteur, en r\u00e9alisant par exemple une exposition, une lecture, un reportage vid\u00e9o ou papier&#8230; Les autres \u00e9tablissements peuvent, eux, se \u00ab\u00a0rebaptiser\u00a0\u00bb pendant la quinzaine de mars. Les classes engag\u00e9es dans l&rsquo;organisation du Printemps des Po\u00e8tes peuvent se donner le nom d&rsquo;un auteur du XXe si\u00e8cle et d\u00e9velopper des initiatives autour de son \u0153uvre.<\/p>\n<p><b>Kermesse po\u00e9tique<\/b><\/p>\n<p>Une journ\u00e9e sp\u00e9ciale est organis\u00e9e par les enseignants\/professeurs avec des jeux et des \u00e9preuves inspir\u00e9s des kermesses anciennes : \u00ab\u00a0p\u00eache miraculeuse aux po\u00e8mes\u00a0\u00bb ; chamboule-tout (faire tomber les bo\u00eetes dans l&rsquo;ordre pour recr\u00e9er un po\u00e8me \u00e0 partir de vers) ; ateliers de maquillage (les enfants sont grim\u00e9s en animaux pendant qu&rsquo;un po\u00e8me sur ce th\u00e8me leur est dit (Chantefables de Desnos, Bestiaire d&rsquo;Apollinaire)), l\u00e2cher de ballons-po\u00e8mes, etc.<\/p>\n<p><b>G\u00e9o-po\u00e9tique, sur le mod\u00e8le du label \u00ab\u00a0Ville en Po\u00e9sie\u00a0\u00bb<\/b><\/p>\n<p>Red\u00e9couvrir sa ville, sa r\u00e9gion, par le biais des po\u00e8tes qui y ont v\u00e9cu, \u00e9crit, voyag\u00e9, etc.Les \u00e9l\u00e8ves peuvent ainsi organiser un parcours touristique ponctu\u00e9 d&rsquo;anecdotes et de lectures de po\u00e8mes, puis une exposition dans l&rsquo;\u00e9cole, \u00e0 la mairie, l&rsquo;Office du tourisme, etc.<\/p>\n<p> <b>Raconte-moi ton XXe si\u00e8cle&#8230; en po\u00e9sie<\/b><\/p>\n<p>Aller \u00e0 la rencontre des personnes \u00e2g\u00e9es (EHPAD, grands-parents&#8230;) pour recueillir leurs souvenirs de classe, les po\u00e8mes qu&rsquo;ils y ont appris. Travailler ensemble pour les r\u00e9apprendre, les dire devant la famille, les amis, les pensionnaires&#8230;<\/p>\n<p><b>PhotoPo\u00e8me #3<\/b><\/p>\n<p>cette action consiste \u00e0 r\u00e9aliser une photographie en \u00e9cho \u00e0 un po\u00e8me contemporain.<\/p>\n<p><b>\u00ab\u00a0On n&rsquo;est pas s\u00e9rieux quand on a 17 ans\u00a0\u00bb<\/b><\/p>\n<p>Les lyc\u00e9ens sont invit\u00e9s \u00e0 voter pour \u00ab\u00a0leur\u00a0\u00bb po\u00e8me, parmi un corpus d&rsquo;une dizaine de textes.<br \/>\nhttps:\/\/sites.ac-corse.fr\/wp-content\/uploads\/sites\/33\/photo\/art\/default\/1009766-1269114.jpg<\/p>\n<p>Le printemps des po\u00e8tes \u00e0 Ajaccio<br \/>\n<b>A l&rsquo;occasion du Printemps des Po\u00e8tes, la Ville d\u2019Ajaccio invite le public \u00e0 c\u00e9l\u00e9brer la po\u00e9sie, les 16 et 19 mars 2016 \u00e0 la Biblioth\u00e8que Patrimoniale.<\/b><\/p>\n<p> Des po\u00e8tes corses, \u00ab inventeurs de formes expressives \u00bb, seront pr\u00e9sents pour des lectures, r\u00e9citals et pr\u00e9sentations d\u2019ouvrages.<\/p>\n<p>\u00ab Cela ne fait pas de doute : on peut affirmer aujourd&rsquo;hui, avec le recul n\u00e9cessaire, que le XXe si\u00e8cle fut pour notre pays et la Francophonie un si\u00e8cle de po\u00e9sie majeure. Apr\u00e8s la d\u00e9flagration dada\u00efste et surr\u00e9aliste, qui a permis une invention formelle sans pr\u00e9c\u00e9dent et refond\u00e9 l&rsquo;enjeu existentiel et subversif de la po\u00e9sie, jamais peut-\u00eatre un temps n&rsquo;a produit autant d&rsquo;\u0153uvres consid\u00e9rables par leur port\u00e9e et leur singularit\u00e9\u2026 \u00bb<br \/><span style=\"font-style:italic\">Jean-Pierre Sim\u00e9on, directeur artistique du Printemps des Po\u00e8tes<\/span><\/p>\n<p><b><br \/>Au programme \u00e0 la Biblioth\u00e8que Patrimoniale<\/b><\/p>\n<p> <b>-Samedi 19 mars 2016 \u00e0 16h30<\/b><\/p>\n<p> Rencontre autour du livre d\u2019artiste \u00ab Fugue \u00bb, paru aux \u00e9ditions L\u2019Atelier des Grames, po\u00e8me in\u00e9dit d\u2019Antoine Graziani, accompagn\u00e9 d\u2019aquarelles originales de Bernard Filippi tir\u00e9s \u00e0 18 exemplaires, num\u00e9rot\u00e9s, sign\u00e9s par le po\u00e8te et l\u2019artiste.<br \/>Cette rencontre sera anim\u00e9e par Marie Ferranti, romanci\u00e8re et essayiste. Marie Ferranti a d\u00e9j\u00e0 publi\u00e9 dix ouvrages aux \u00e9ditions Gallimard. Elle a re\u00e7u le Grand prix du roman de l&rsquo;Acad\u00e9mie Fran\u00e7aise pour \u00ab La Princesse de Mantoue \u00bb (2002). Son dernier livre \u00ab Les ma\u00eetres de chant \u00bb invite \u00e0 d\u00e9couvrir l\u2019imaginaire corse \u00e0 travers le chant polyphonique de l\u2019\u00eele qui demeure pour elle une pr\u00e9sence inspiratrice.<\/p>\n<p> <b>Antoine Graziani, <\/b><br \/>\u00e9crivain, po\u00e8te et vid\u00e9aste corse a publi\u00e9 de nombreux livres de po\u00e8mes compos\u00e9s de suites ininterrompues : Rubrica, Saint-Jean Baptiste, Co\u00efncidences, Translation, Heure\u2026<br \/>Il a publi\u00e9 dans les revues Clivages, Po&amp;sie, Java, Le Nouveau Recueil, L\u2019\u00c9trang\u00e8re, Rehauts, La Canop\u00e9e, Fus\u00e9es&#8230;<br \/>Il a \u00e9galement \u00e9crit de nombreuses pr\u00e9faces et articles critiques sur des plasticiens : Claude Viallat, Guy Le Meaux, Albert R\u00e0fols-Casamada, Anna Mark, Jean-Paul Marcheschi, Jean-Paul Pancrazi, Bernard Filippi, Guy Le Meaux, Thierry Le Sa\u00ebc&#8230;, avec lesquels il a aussi r\u00e9alis\u00e9 des livres d&rsquo;artiste.<\/p>\n<p><b>Bernard Filippi<\/b><br \/>artiste peintre et lithographe vit et travaille \u00e0 Ajaccio.<br \/>Apr\u00e8s des \u00e9tudes en arts plastiques \u00e0 l\u2019universit\u00e9 de Paris I, il obtient un dipl\u00f4me d\u2019\u00e9tudes approfondies en science de l\u2019information et de la communication. Il enseigne par la suite \u00e0 l\u2019universit\u00e9 de Paris VIII. Depuis 2005, il est conseiller pour les arts plastiques \u00e0 la CTC.<br \/>\u00ab Dans la peinture de Bernard Filippi, l\u2019influence de Matisse demeure \u00e9vidente mais Matisse vu par les expressionnistes am\u00e9ricains, De Kooning certainement mais plus les Cy Towbly des derni\u00e8res p\u00e9riodes avec la persistance des motifs floraux, l\u2019importance du geste et une peinture qui est tout autant \u00e9criture. \u00bbC. Sbraggia in Corsica Magazine<\/p>\n<p> <b> -Samedi 19 mars \u00e0 18h00<\/b><\/p>\n<p> Une conf\u00e9rence anim\u00e9e par Paulu Desanti autour de son ouvrage \u00ab Trois po\u00e8tes irr\u00e9dentistes Marcu Angeli, Petru Giovacchini, Anton Francescu Filippini \u00bb, paru aux \u00e9ditions Albiana.<br \/>Une analyse litt\u00e9raire approfondie qui questionne les relations qu\u2019entretiennent litt\u00e9rature et id\u00e9ologie.<br \/>L&rsquo;Entre-deux-guerres a \u00e9t\u00e9 marqu\u00e9 en Corse par une grande effervescence politique et culturelle. D\u00e9laissant tout autant les revendications corsistes que les positionnements loyalistes envers la France, plusieurs intellectuels prirent le parti de l&rsquo;irr\u00e9dentisme pr\u00f4n\u00e9 par l&rsquo;Italie fasciste. Petru Giovacchini, Marcu Angeli et Anion Francescu Filippini, les trois po\u00e8tes corses \u00e9tudi\u00e9s dans cet ouvrage, furent sans doute les plus embl\u00e9matiques d&rsquo;entre eux. Cela explique que, dans l&rsquo;apr\u00e8s-guerre, alors qu&rsquo;ils furent pour certains condamn\u00e9s et bannis, leur oeuvre ait aussi \u00e9t\u00e9 frapp\u00e9e d&rsquo;ostracisme. Sans jamais c\u00e9der \u00e0 la tentation d&rsquo;une r\u00e9habilitation politique, la pr\u00e9sente \u00e9tude entend faire le point sur les rapports entre litt\u00e9rature et id\u00e9ologie, source constante d&rsquo;interrogation [\u2026]<br \/>Originaire de Pitretu \u00e8 Bicchisgi\u00e0, Paulu Desanti est agr\u00e9g\u00e9 de lettres et enseignant en langue et culture corse. Il est aussi romancier, nouvelliste et dramaturge. Ce travail sur les po\u00e8tes irr\u00e9dentistes est tir\u00e9 d&rsquo;une th\u00e8se de doctorat soutenue \u00e0 l&rsquo;universit\u00e9 de Corse.<\/p>\n<p>Liens utiles<br \/>\n<a class=\"link\" href=\"http:\/\/www.printempsdespoetes.com\/\">Le printemps des po\u00e8tes &#8211; site officiel<\/a><\/p>\n<p><a class=\"link\" href=\"http:\/\/www.education.gouv.fr\/cid55152\/le-printemps-des-poetes.html\">Le printemps des po\u00e8tes &#8211; l&rsquo;agenda de l&rsquo;\u00e9ducation<\/a><\/p>\n<p><a class=\"link\" href=\"http:\/\/eduscol.education.fr\/cid55450\/printemps-des-poetes.html\">Le printemps des po\u00e8tes &#8211; Eduscol<\/a><\/p>\n","protected":false},"excerpt":{"rendered":"<p>La th\u00e9matique de la 18e \u00e9dition est \u00ab\u00a0Le grand XXe d&rsquo;Apollinaire \u00e0 Bonnefoy &#8211; cent ans de po\u00e9sie\u00a0\u00bb. Les participants \u00e0 cet \u00e9v\u00e9nement peuvent s&#8217;emparer de ce th\u00e8me pour mettre en oeuvre des actions sp\u00e9cifiques parmi lesquelles :\u00c0 chacun son po\u00e8te ! Il s&rsquo;agit de r\u00e9aliser une vid\u00e9o participative dans la cour, le hall de [&hellip;]<\/p>\n","protected":false},"author":84,"featured_media":0,"comment_status":"open","ping_status":"open","sticky":false,"template":"","format":"standard","meta":{"footnotes":""},"categories":[1],"tags":[],"class_list":["post-324","post","type-post","status-publish","format-standard","hentry","category-non-classe"],"_links":{"self":[{"href":"https:\/\/sites.ac-corse.fr\/daac\/wp-json\/wp\/v2\/posts\/324","targetHints":{"allow":["GET"]}}],"collection":[{"href":"https:\/\/sites.ac-corse.fr\/daac\/wp-json\/wp\/v2\/posts"}],"about":[{"href":"https:\/\/sites.ac-corse.fr\/daac\/wp-json\/wp\/v2\/types\/post"}],"author":[{"embeddable":true,"href":"https:\/\/sites.ac-corse.fr\/daac\/wp-json\/wp\/v2\/users\/84"}],"replies":[{"embeddable":true,"href":"https:\/\/sites.ac-corse.fr\/daac\/wp-json\/wp\/v2\/comments?post=324"}],"version-history":[{"count":1,"href":"https:\/\/sites.ac-corse.fr\/daac\/wp-json\/wp\/v2\/posts\/324\/revisions"}],"predecessor-version":[{"id":436,"href":"https:\/\/sites.ac-corse.fr\/daac\/wp-json\/wp\/v2\/posts\/324\/revisions\/436"}],"wp:attachment":[{"href":"https:\/\/sites.ac-corse.fr\/daac\/wp-json\/wp\/v2\/media?parent=324"}],"wp:term":[{"taxonomy":"category","embeddable":true,"href":"https:\/\/sites.ac-corse.fr\/daac\/wp-json\/wp\/v2\/categories?post=324"},{"taxonomy":"post_tag","embeddable":true,"href":"https:\/\/sites.ac-corse.fr\/daac\/wp-json\/wp\/v2\/tags?post=324"}],"curies":[{"name":"wp","href":"https:\/\/api.w.org\/{rel}","templated":true}]}}