{"id":332,"date":"2012-04-19T11:49:00","date_gmt":"2012-04-19T09:49:00","guid":{"rendered":"https:\/\/sites.ac-corse.fr\/daac\/2012\/04\/19\/propriete-intellectuelle\/"},"modified":"2023-01-16T17:58:52","modified_gmt":"2023-01-16T16:58:52","slug":"propriete-intellectuelle","status":"publish","type":"post","link":"https:\/\/sites.ac-corse.fr\/daac\/2012\/04\/19\/propriete-intellectuelle\/","title":{"rendered":"Propri\u00e9t\u00e9 intellectuelle"},"content":{"rendered":"<p>Le minist\u00e8re de l&rsquo;\u00e9ducation nationale, de la jeunesse et de la vie associative, le minist\u00e8re de l&rsquo;enseignement sup\u00e9rieur et de la recherche et la conf\u00e9rence des pr\u00e9sidents d&rsquo;universit\u00e9s ont conclu pour les ann\u00e9es 2012 et 2013 un protocole d&rsquo;accord transitoire avec les titulaires de droits d&rsquo;auteur sur l&rsquo;utilisation des livres, de la musique imprim\u00e9e, des publications p\u00e9riodiques et des \u0153uvres des arts visuels \u00e0 des fins d&rsquo;illustration des activit\u00e9s d&rsquo;enseignement et de recherche qui remplace l&rsquo;accord sign\u00e9 le 8 d\u00e9cembre 2010 pour les ann\u00e9es 2010 et 2011. <br \/>Pour avoir tous les d\u00e9tails : <a class=\"link\" href=\"http:\/\/www.education.gouv.fr\/pid25535\/bulletin_officiel.html?cid_bo=59631\">le protocole d&rsquo;accord du 01-02-2012<\/a><\/p>\n","protected":false},"excerpt":{"rendered":"<p>Le minist\u00e8re de l&rsquo;\u00e9ducation nationale, de la jeunesse et de la vie associative, le minist\u00e8re de l&rsquo;enseignement sup\u00e9rieur et de la recherche et la conf\u00e9rence des pr\u00e9sidents d&rsquo;universit\u00e9s ont conclu pour les ann\u00e9es 2012 et 2013 un protocole d&rsquo;accord transitoire avec les titulaires de droits d&rsquo;auteur sur l&rsquo;utilisation des livres, de la musique imprim\u00e9e, des [&hellip;]<\/p>\n","protected":false},"author":84,"featured_media":0,"comment_status":"open","ping_status":"open","sticky":false,"template":"","format":"standard","meta":{"footnotes":""},"categories":[1],"tags":[],"class_list":["post-332","post","type-post","status-publish","format-standard","hentry","category-non-classe"],"_links":{"self":[{"href":"https:\/\/sites.ac-corse.fr\/daac\/wp-json\/wp\/v2\/posts\/332","targetHints":{"allow":["GET"]}}],"collection":[{"href":"https:\/\/sites.ac-corse.fr\/daac\/wp-json\/wp\/v2\/posts"}],"about":[{"href":"https:\/\/sites.ac-corse.fr\/daac\/wp-json\/wp\/v2\/types\/post"}],"author":[{"embeddable":true,"href":"https:\/\/sites.ac-corse.fr\/daac\/wp-json\/wp\/v2\/users\/84"}],"replies":[{"embeddable":true,"href":"https:\/\/sites.ac-corse.fr\/daac\/wp-json\/wp\/v2\/comments?post=332"}],"version-history":[{"count":1,"href":"https:\/\/sites.ac-corse.fr\/daac\/wp-json\/wp\/v2\/posts\/332\/revisions"}],"predecessor-version":[{"id":444,"href":"https:\/\/sites.ac-corse.fr\/daac\/wp-json\/wp\/v2\/posts\/332\/revisions\/444"}],"wp:attachment":[{"href":"https:\/\/sites.ac-corse.fr\/daac\/wp-json\/wp\/v2\/media?parent=332"}],"wp:term":[{"taxonomy":"category","embeddable":true,"href":"https:\/\/sites.ac-corse.fr\/daac\/wp-json\/wp\/v2\/categories?post=332"},{"taxonomy":"post_tag","embeddable":true,"href":"https:\/\/sites.ac-corse.fr\/daac\/wp-json\/wp\/v2\/tags?post=332"}],"curies":[{"name":"wp","href":"https:\/\/api.w.org\/{rel}","templated":true}]}}