{"id":335,"date":"2008-06-10T09:25:00","date_gmt":"2008-06-10T07:25:00","guid":{"rendered":"https:\/\/sites.ac-corse.fr\/daac\/2008\/06\/10\/accompagnement-educatif-et-dimension-culturelle\/"},"modified":"2023-01-16T17:58:52","modified_gmt":"2023-01-16T16:58:52","slug":"accompagnement-educatif-et-dimension-culturelle","status":"publish","type":"post","link":"https:\/\/sites.ac-corse.fr\/daac\/2008\/06\/10\/accompagnement-educatif-et-dimension-culturelle\/","title":{"rendered":"ACCOMPAGNEMENT \u00c9DUCATIF ET DIMENSION CULTURELLE"},"content":{"rendered":"<p><b>L&rsquo; ACCOMPAGNEMENT \u00c9DUCATIF<\/b><\/p>\n<p>Destin\u00e9 \u00e0 partir de la rentr\u00e9e scolaire 2007-2008 \u00e0 l&rsquo;ensemble des coll\u00e8ges de l&rsquo;\u00e9ducation prioritaire, et notamment des r\u00e9seaux \u00ab\u00a0ambition r\u00e9ussite\u00a0\u00bb, le dispositif de <a class=\"link\" href=\"http:\/\/www.education.gouv.fr\/cid5677\/accompagnement-educatif.html\">\u00ab\u00a0l&rsquo;accompagnement \u00e9ducatif\u00a0\u00bb<\/a> a vocation \u00e0 s&rsquo;\u00e9tendre \u00e0 l&rsquo;ensemble des coll\u00e8ges pour la rentr\u00e9e scolaire prochaine, puis par la suite aux \u00e9coles et lyc\u00e9es.<br \/>Trois domaines \u00e9ducatifs sont propos\u00e9s dans le dispositif. Il s&rsquo;agit d&rsquo;assurer en toute \u00e9quit\u00e9 \u00e0 chaque \u00e9l\u00e8ve, quel que soit son milieu familial: <\/p>\n<ul class=\"list\">\n<li>l&rsquo;encadrement de son travail personnel,<\/li>\n<\/ul>\n<ul class=\"list\">\n<li>l&rsquo;\u00e9panouissement par la pratique du sport, <\/li>\n<\/ul>\n<ul class=\"list\">\n<li>l&rsquo;ouverture au monde de <b>l&rsquo;art et de la culture <\/b>&#8211;<\/li>\n<\/ul>\n<p>  Toutes ces conditions sont n\u00e9cessaires au bon d\u00e9roulement de la scolarit\u00e9. Ce dispositif contribuera ainsi \u00e0 l&rsquo;\u00e9galit\u00e9 des chances entre tous les \u00e9l\u00e8ves.<br \/> L&rsquo; ensemble de ce programme national et \u00e9ducatif, envisag\u00e9 dans sa globalit\u00e9, est d\u00e9taill\u00e9 dans le <a class=\"link\" href=\"http:\/\/www.education.gouv.fr\/bo\/2008\/24\/MENE0800472N.htm\">B.O. n\u00b0 24 du 12 juin 2008<\/a>.<\/p>\n<p><b>LA DIMENSION CULTURELLE <\/b><\/p>\n<p>Pour la pratique artistique et culturelle, tous les domaines et toutes les formes de l&rsquo;art et de la culture sont \u00e0 envisager. Il conviendra de mettre l\u2019accent sur les activit\u00e9s de d\u00e9couverte culturelle, d\u2019expression et de cr\u00e9ation artistiques qui aboutissent \u00e0 des <b>r\u00e9alisations concr\u00e8tes<\/b> par les \u00e9l\u00e8ves. La mise en \u0153uvre de ces actions s\u2019inscrit n\u00e9cessairement dans le cadre <a class=\"link\" href=\"http:\/\/nuticiel2.ac-corse.fr\/DAAC\/docs\/liste_agrement_0708.xls\">des partenariats culturels locaux <\/a> qui sont \u00e0 poursuivre et \u00e0 approfondir.<br \/>L\u2019accompagnement \u00e9ducatif doit \u00e9galement favoriser l\u2019acc\u00e8s des \u00e9l\u00e8ves aux techniques usuelles de l\u2019information et de la communication et permettre une utilisation riche et vari\u00e9e des outils num\u00e9riques. <br \/>En coll\u00e8ge, toutes les solutions permettant l\u2019acc\u00e8s au centre de documentation et d\u2019information pendant les cr\u00e9neaux horaires de l\u2019accompagnement \u00e9ducatif seront donc recherch\u00e9es.<\/p>\n<p><b>QUELQUES PISTES ENVISAGEABLES<\/b><\/p>\n<p>On peut profiter de la mise en place de l&rsquo;accompagnement \u00e9ducatif, consid\u00e9r\u00e9 dans sa dimension culturelle, pour suivre, confirmer ou initier certaines pistes \u00e0 envisager <span class=\"u\">de mani\u00e8re non-exhaustive<\/span>, comme par exemple :<\/p>\n<ul class=\"list\">\n<li>renforcer la r\u00e9flexion collective visant \u00e0 la mise en place du socle culturel dans le projet d&rsquo; \u00e9tablissement.<\/li>\n<\/ul>\n<ul class=\"list\">\n<li>accentuer ou approfondir, dans le cadre de pratiques d&rsquo; \u00e9l\u00e8ves, la mise en oeuvre de dispositifs culturels ( ateliers, projets culturels, classes \u00e0 PAC).<\/li>\n<\/ul>\n<ul class=\"list\">\n<li>envisager une exp\u00e9rimentation \u00e0 partir de l&rsquo; existant permettant de renforcer la liaison CM2\/6eme<\/li>\n<\/ul>\n<ul class=\"list\">\n<li>enrichir et ouvrir la pratique chorale dans l&rsquo; \u00e9tablissement en l&rsquo;accompagnant d&rsquo;activit\u00e9s compl\u00e9mentaires autour de la technique vocale, de la mise en sc\u00e8ne, de l&rsquo;organisation du spectacle, de l&rsquo; \u00e9criture, de la cr\u00e9ation de chanson etc&#8230; <\/li>\n<\/ul>\n<ul class=\"list\">\n<li>proposer <span class=\"u\">une nouvelle pratique artistique<\/span>, qui n&rsquo;a pas d\u00e9j\u00e0 \u00e9t\u00e9 initi\u00e9e dans l&rsquo; \u00e9tablissement, sous forme de \u00ab\u00a0sensibilisation\u00a0\u00bb afin de diversifier l&rsquo;offre culturelle par rapport \u00e0 celle d\u00e9j\u00e0 engag\u00e9e.<\/li>\n<\/ul>\n","protected":false},"excerpt":{"rendered":"<p>L&rsquo; ACCOMPAGNEMENT \u00c9DUCATIF Destin\u00e9 \u00e0 partir de la rentr\u00e9e scolaire 2007-2008 \u00e0 l&rsquo;ensemble des coll\u00e8ges de l&rsquo;\u00e9ducation prioritaire, et notamment des r\u00e9seaux \u00ab\u00a0ambition r\u00e9ussite\u00a0\u00bb, le dispositif de \u00ab\u00a0l&rsquo;accompagnement \u00e9ducatif\u00a0\u00bb a vocation \u00e0 s&rsquo;\u00e9tendre \u00e0 l&rsquo;ensemble des coll\u00e8ges pour la rentr\u00e9e scolaire prochaine, puis par la suite aux \u00e9coles et lyc\u00e9es.Trois domaines \u00e9ducatifs sont propos\u00e9s dans [&hellip;]<\/p>\n","protected":false},"author":84,"featured_media":0,"comment_status":"open","ping_status":"open","sticky":false,"template":"","format":"standard","meta":{"footnotes":""},"categories":[1],"tags":[],"class_list":["post-335","post","type-post","status-publish","format-standard","hentry","category-non-classe"],"_links":{"self":[{"href":"https:\/\/sites.ac-corse.fr\/daac\/wp-json\/wp\/v2\/posts\/335","targetHints":{"allow":["GET"]}}],"collection":[{"href":"https:\/\/sites.ac-corse.fr\/daac\/wp-json\/wp\/v2\/posts"}],"about":[{"href":"https:\/\/sites.ac-corse.fr\/daac\/wp-json\/wp\/v2\/types\/post"}],"author":[{"embeddable":true,"href":"https:\/\/sites.ac-corse.fr\/daac\/wp-json\/wp\/v2\/users\/84"}],"replies":[{"embeddable":true,"href":"https:\/\/sites.ac-corse.fr\/daac\/wp-json\/wp\/v2\/comments?post=335"}],"version-history":[{"count":1,"href":"https:\/\/sites.ac-corse.fr\/daac\/wp-json\/wp\/v2\/posts\/335\/revisions"}],"predecessor-version":[{"id":447,"href":"https:\/\/sites.ac-corse.fr\/daac\/wp-json\/wp\/v2\/posts\/335\/revisions\/447"}],"wp:attachment":[{"href":"https:\/\/sites.ac-corse.fr\/daac\/wp-json\/wp\/v2\/media?parent=335"}],"wp:term":[{"taxonomy":"category","embeddable":true,"href":"https:\/\/sites.ac-corse.fr\/daac\/wp-json\/wp\/v2\/categories?post=335"},{"taxonomy":"post_tag","embeddable":true,"href":"https:\/\/sites.ac-corse.fr\/daac\/wp-json\/wp\/v2\/tags?post=335"}],"curies":[{"name":"wp","href":"https:\/\/api.w.org\/{rel}","templated":true}]}}