{"id":336,"date":"2008-05-20T08:51:00","date_gmt":"2008-05-20T06:51:00","guid":{"rendered":"https:\/\/sites.ac-corse.fr\/daac\/2008\/05\/20\/textes-referents-l-education-artistique-a-l-ecole-maternelle-et-elementaire\/"},"modified":"2023-01-16T17:58:52","modified_gmt":"2023-01-16T16:58:52","slug":"textes-referents-l-education-artistique-a-l-ecole-maternelle-et-elementaire","status":"publish","type":"post","link":"https:\/\/sites.ac-corse.fr\/daac\/2008\/05\/20\/textes-referents-l-education-artistique-a-l-ecole-maternelle-et-elementaire\/","title":{"rendered":"TEXTES R\u00c9F\u00c9RENTS : L&rsquo; \u00c9DUCATION ARTISTIQUE \u00c0 L&rsquo; \u00c9COLE MATERNELLE ET \u00c9L\u00c9MENTAIRE"},"content":{"rendered":"<p>Publi\u00e9s par l&rsquo;<b> ESEN<\/b>, <a class=\"link\" href=\"http:\/\/www.esen.education.fr\/fr\/ressources-par-theme\/enseignements\/les-disciplines-a-l-ecole-primaire\/l-education-artistique\/\">la liste des textes r\u00e9f\u00e9rents importants<\/a>, arr\u00eat\u00e9e en juillet 2007, concernant l&rsquo; \u00e9ducation artistique \u00e0 l&rsquo; \u00e9cole maternelle et \u00e9l\u00e9mentaire.<\/p>\n","protected":false},"excerpt":{"rendered":"<p>Publi\u00e9s par l&rsquo; ESEN, la liste des textes r\u00e9f\u00e9rents importants, arr\u00eat\u00e9e en juillet 2007, concernant l&rsquo; \u00e9ducation artistique \u00e0 l&rsquo; \u00e9cole maternelle et \u00e9l\u00e9mentaire.<\/p>\n","protected":false},"author":84,"featured_media":0,"comment_status":"open","ping_status":"open","sticky":false,"template":"","format":"standard","meta":{"footnotes":""},"categories":[1],"tags":[],"class_list":["post-336","post","type-post","status-publish","format-standard","hentry","category-non-classe"],"_links":{"self":[{"href":"https:\/\/sites.ac-corse.fr\/daac\/wp-json\/wp\/v2\/posts\/336","targetHints":{"allow":["GET"]}}],"collection":[{"href":"https:\/\/sites.ac-corse.fr\/daac\/wp-json\/wp\/v2\/posts"}],"about":[{"href":"https:\/\/sites.ac-corse.fr\/daac\/wp-json\/wp\/v2\/types\/post"}],"author":[{"embeddable":true,"href":"https:\/\/sites.ac-corse.fr\/daac\/wp-json\/wp\/v2\/users\/84"}],"replies":[{"embeddable":true,"href":"https:\/\/sites.ac-corse.fr\/daac\/wp-json\/wp\/v2\/comments?post=336"}],"version-history":[{"count":1,"href":"https:\/\/sites.ac-corse.fr\/daac\/wp-json\/wp\/v2\/posts\/336\/revisions"}],"predecessor-version":[{"id":448,"href":"https:\/\/sites.ac-corse.fr\/daac\/wp-json\/wp\/v2\/posts\/336\/revisions\/448"}],"wp:attachment":[{"href":"https:\/\/sites.ac-corse.fr\/daac\/wp-json\/wp\/v2\/media?parent=336"}],"wp:term":[{"taxonomy":"category","embeddable":true,"href":"https:\/\/sites.ac-corse.fr\/daac\/wp-json\/wp\/v2\/categories?post=336"},{"taxonomy":"post_tag","embeddable":true,"href":"https:\/\/sites.ac-corse.fr\/daac\/wp-json\/wp\/v2\/tags?post=336"}],"curies":[{"name":"wp","href":"https:\/\/api.w.org\/{rel}","templated":true}]}}