{"id":337,"date":"2008-01-28T15:16:00","date_gmt":"2008-01-28T14:16:00","guid":{"rendered":"https:\/\/sites.ac-corse.fr\/daac\/2008\/01\/28\/textes-nationaux\/"},"modified":"2023-01-16T17:58:52","modified_gmt":"2023-01-16T16:58:52","slug":"textes-nationaux","status":"publish","type":"post","link":"https:\/\/sites.ac-corse.fr\/daac\/2008\/01\/28\/textes-nationaux\/","title":{"rendered":"TEXTES NATIONAUX"},"content":{"rendered":"<p>&#8211;\tAccompagnement \u00c9ducatif : <a class=\"link\" href=\"http:\/\/www.education.gouv.fr\/bo\/2007\/28\/MENE0701447C.htm\">B.O. n\u00b0 28 du 19 juillet 2007<\/a><br \/>&#8211;\tProgramme Pr\u00e9visionnel des Actions \u00c9ducatives 2007-2008 : <a class=\"link\" href=\"http:\/\/www.education.gouv.fr\/bo\/2007\/27\/MENE0701398N.htm\">B.O. n\u00b0 27 du 12 juillet 2007<\/a><br \/>&#8211;\tLes dimensions artistique et culturelle des projets d\u2019\u00e9cole et d\u2019\u00e9tablissement : <a class=\"link\" href=\"http:\/\/www.education.gouv.fr\/bo\/2007\/5\/MENE0700135C.htm\">B.O. n\u00b05 du 1er f\u00e9vrier 2007<\/a><br \/>&#8211;\tL\u2019\u00e9galit\u00e9 des chances dans l\u2019acc\u00e8s \u00e0 la culture et aux arts : <a class=\"link\" href=\"http:\/\/nuticiel2.ac-corse.fr\/DAAC\/docs\/textes\/BO_N3_18_01_07.doc\">Extrait du B.O. n\u00b03 du 18 janvier 2007<\/a><br \/>&#8211;\tLe socle commun des connaissances et des comp\u00e9tences, comp\u00e9tence 5 \u00ab La culture humaniste \u00bb : <a class=\"link\" href=\"http:\/\/www.education.gouv.fr\/bo\/2006\/29\/MENE0601554D.htm\">B.O. n\u00b029 du 20 juillet 2006<\/a><br \/>&#8211;\tOrientations sur la politique d\u2019\u00e9ducation artistique et culturelle : <a class=\"link\" href=\"http:\/\/www.education.gouv.fr\/bo\/2005\/5\/MENE0500078C.htm\">B.O. n\u00b05 du 3 f\u00e9vrier 2005<\/a><br \/>&#8211;\tActions \u00e9ducatives et innovantes \u00e0 caract\u00e8re scientifique et technique et ateliers scientifiques et techniques : <a class=\"link\" href=\"http:\/\/www.education.gouv.fr\/botexte\/bo010329\/MENR0100120C.htm\">B.O n\u00b013 du 29 mars 2001<\/a>, actualis\u00e9 au <a class=\"link\" href=\"http:\/\/www.education.gouv.fr\/bo\/2004\/22\/MENE0401106C.htm\">B.O. n\u00b0 22 du 3 juin 2004<\/a><br \/>&#8211;\tLes ateliers artistiques dans les coll\u00e8ges, les lyc\u00e9es d\u2019enseignement g\u00e9n\u00e9ral et technologique et les lyc\u00e9es professionnels : <a class=\"link\" href=\"http:\/\/www.education.gouv.fr\/botexte\/bo010614\/MENE0101237N.htm\">B.O n\u00b0 24 du 14 juin 2001<\/a><br \/>&#8211;\tLes classes \u00e0 projet artistique et culturel : <a class=\"link\" href=\"http:\/\/www.education.gouv.fr\/botexte\/bo010614\/MENE0101237N.htm\">B.O. n\u00b024 du 14 juin 2001<\/a><br \/>&#8211; D\u00e9veloppement de l&rsquo; \u00e9ducation artitique et culturelle : <a class=\"link\" href=\"http:\/\/www.education.gouv.fr\/bo\/2008\/19\/MENE0800388C.htm\">B.O. n\u00b019 du 8 mai 2008<\/a><br \/>&#8211; L&rsquo;ensemble de ces lois, d\u00e9crets ou circulaires s&rsquo;inscrit bien \u00e9videmment dans une vis\u00e9e globale concernant la place de <a class=\"link\" href=\"http:\/\/www.education.gouv.fr\/cid611\/education-artistique-et-culturelle.html\">l&rsquo; \u00e9ducation artistique et culturelle<\/a> ainsi que <a class=\"link\" href=\"http:\/\/www.artsculture.education.fr\/info_officielles\/education_artistique\/education_artistique.asp\">l&rsquo;offre de formation en \u00e9ducation artistique.<\/a><\/p>\n","protected":false},"excerpt":{"rendered":"<p>&#8211; Accompagnement \u00c9ducatif : B.O. n\u00b0 28 du 19 juillet 2007&#8211; Programme Pr\u00e9visionnel des Actions \u00c9ducatives 2007-2008 : B.O. n\u00b0 27 du 12 juillet 2007&#8211; Les dimensions artistique et culturelle des projets d\u2019\u00e9cole et d\u2019\u00e9tablissement : B.O. n\u00b05 du 1er f\u00e9vrier 2007&#8211; L\u2019\u00e9galit\u00e9 des chances dans l\u2019acc\u00e8s \u00e0 la culture et aux arts : Extrait [&hellip;]<\/p>\n","protected":false},"author":84,"featured_media":0,"comment_status":"open","ping_status":"open","sticky":false,"template":"","format":"standard","meta":{"footnotes":""},"categories":[1],"tags":[],"class_list":["post-337","post","type-post","status-publish","format-standard","hentry","category-non-classe"],"_links":{"self":[{"href":"https:\/\/sites.ac-corse.fr\/daac\/wp-json\/wp\/v2\/posts\/337","targetHints":{"allow":["GET"]}}],"collection":[{"href":"https:\/\/sites.ac-corse.fr\/daac\/wp-json\/wp\/v2\/posts"}],"about":[{"href":"https:\/\/sites.ac-corse.fr\/daac\/wp-json\/wp\/v2\/types\/post"}],"author":[{"embeddable":true,"href":"https:\/\/sites.ac-corse.fr\/daac\/wp-json\/wp\/v2\/users\/84"}],"replies":[{"embeddable":true,"href":"https:\/\/sites.ac-corse.fr\/daac\/wp-json\/wp\/v2\/comments?post=337"}],"version-history":[{"count":1,"href":"https:\/\/sites.ac-corse.fr\/daac\/wp-json\/wp\/v2\/posts\/337\/revisions"}],"predecessor-version":[{"id":449,"href":"https:\/\/sites.ac-corse.fr\/daac\/wp-json\/wp\/v2\/posts\/337\/revisions\/449"}],"wp:attachment":[{"href":"https:\/\/sites.ac-corse.fr\/daac\/wp-json\/wp\/v2\/media?parent=337"}],"wp:term":[{"taxonomy":"category","embeddable":true,"href":"https:\/\/sites.ac-corse.fr\/daac\/wp-json\/wp\/v2\/categories?post=337"},{"taxonomy":"post_tag","embeddable":true,"href":"https:\/\/sites.ac-corse.fr\/daac\/wp-json\/wp\/v2\/tags?post=337"}],"curies":[{"name":"wp","href":"https:\/\/api.w.org\/{rel}","templated":true}]}}