{"id":662,"date":"2024-02-09T10:03:48","date_gmt":"2024-02-09T09:03:48","guid":{"rendered":"https:\/\/sites.ac-corse.fr\/daac\/?p=662"},"modified":"2024-02-09T10:05:03","modified_gmt":"2024-02-09T09:05:03","slug":"un-semestre-avec-les-academiciens","status":"publish","type":"post","link":"https:\/\/sites.ac-corse.fr\/daac\/2024\/02\/09\/un-semestre-avec-les-academiciens\/","title":{"rendered":"Un semestre avec les acad\u00e9miciens"},"content":{"rendered":"\n<figure class=\"wp-block-image size-full\"><img loading=\"lazy\" decoding=\"async\" width=\"1166\" height=\"1654\" src=\"https:\/\/sites.ac-corse.fr\/daac\/wp-content\/uploads\/sites\/33\/2024\/02\/USZw8sWgPH4P.png\" alt=\"\" class=\"wp-image-664\"\/><\/figure>\n\n\n\n<p>Avis aux \u00e9tudiants ! Les acad\u00e9miciens vous donnent rendez-vous dans le grand amphith\u00e9\u00e2tre de La Sorbonne pour un cycle de rencontre, de formation et de r\u00e9flexion autour de la libert\u00e9. Au rythme d\u2019une s\u00e9ance par mois, de janvier \u00e0 mai 2024, chaque intervenant viendra \u00e9clairer ce th\u00e8me fondamental \u00e0 la lumi\u00e8re de sa discipline : le juriste Bernard Stirn, le physicien \u00c9douard Br\u00e9zin, l\u2019\u00e9crivain Chantal Thomas, le compositeur Laurent Petitgirard et l\u2019hell\u00e9niste Laurent Pernot. Les conf\u00e9rences seront pr\u00e9c\u00e9d\u00e9es d\u2019une interview-portrait de l\u2019acad\u00e9micien et suivies d\u2019un temps de questions. Ce projet original est port\u00e9 par l\u2019Institut de France et la r\u00e9gion acad\u00e9mique d\u2019\u00cele-de-France.<\/p>\n\n\n\n<div class=\"wp-block-buttons is-layout-flex wp-block-buttons-is-layout-flex\">\n<div class=\"wp-block-button\"><a class=\"wp-block-button__link wp-element-button\" href=\"https:\/\/www.institutdefrance.fr\/un-semestre-avec-un-academicien\/\">En savoir plus <\/a><\/div>\n<\/div>\n","protected":false},"excerpt":{"rendered":"<p>Avis aux \u00e9tudiants ! Les acad\u00e9miciens vous donnent rendez-vous dans le grand amphith\u00e9\u00e2tre de La Sorbonne pour un cycle de rencontre, de formation et de r\u00e9flexion autour de la libert\u00e9. Au rythme d\u2019une s\u00e9ance par mois, de janvier \u00e0 mai 2024, chaque intervenant viendra \u00e9clairer ce th\u00e8me fondamental \u00e0 la lumi\u00e8re de sa discipline : [&hellip;]<\/p>\n","protected":false},"author":102,"featured_media":664,"comment_status":"closed","ping_status":"closed","sticky":false,"template":"","format":"standard","meta":{"footnotes":""},"categories":[1],"tags":[],"class_list":["post-662","post","type-post","status-publish","format-standard","has-post-thumbnail","hentry","category-non-classe"],"_links":{"self":[{"href":"https:\/\/sites.ac-corse.fr\/daac\/wp-json\/wp\/v2\/posts\/662","targetHints":{"allow":["GET"]}}],"collection":[{"href":"https:\/\/sites.ac-corse.fr\/daac\/wp-json\/wp\/v2\/posts"}],"about":[{"href":"https:\/\/sites.ac-corse.fr\/daac\/wp-json\/wp\/v2\/types\/post"}],"author":[{"embeddable":true,"href":"https:\/\/sites.ac-corse.fr\/daac\/wp-json\/wp\/v2\/users\/102"}],"replies":[{"embeddable":true,"href":"https:\/\/sites.ac-corse.fr\/daac\/wp-json\/wp\/v2\/comments?post=662"}],"version-history":[{"count":2,"href":"https:\/\/sites.ac-corse.fr\/daac\/wp-json\/wp\/v2\/posts\/662\/revisions"}],"predecessor-version":[{"id":666,"href":"https:\/\/sites.ac-corse.fr\/daac\/wp-json\/wp\/v2\/posts\/662\/revisions\/666"}],"wp:featuredmedia":[{"embeddable":true,"href":"https:\/\/sites.ac-corse.fr\/daac\/wp-json\/wp\/v2\/media\/664"}],"wp:attachment":[{"href":"https:\/\/sites.ac-corse.fr\/daac\/wp-json\/wp\/v2\/media?parent=662"}],"wp:term":[{"taxonomy":"category","embeddable":true,"href":"https:\/\/sites.ac-corse.fr\/daac\/wp-json\/wp\/v2\/categories?post=662"},{"taxonomy":"post_tag","embeddable":true,"href":"https:\/\/sites.ac-corse.fr\/daac\/wp-json\/wp\/v2\/tags?post=662"}],"curies":[{"name":"wp","href":"https:\/\/api.w.org\/{rel}","templated":true}]}}