{"id":687,"date":"2024-02-20T16:47:16","date_gmt":"2024-02-20T15:47:16","guid":{"rendered":"https:\/\/sites.ac-corse.fr\/daac\/?p=687"},"modified":"2024-09-27T11:00:05","modified_gmt":"2024-09-27T09:00:05","slug":"textes-de-reference-2","status":"publish","type":"post","link":"https:\/\/sites.ac-corse.fr\/daac\/2024\/02\/20\/textes-de-reference-2\/","title":{"rendered":"Textes de r\u00e9f\u00e9rence"},"content":{"rendered":"\n<figure class=\"wp-block-image size-full\"><img loading=\"lazy\" decoding=\"async\" width=\"261\" height=\"193\" src=\"https:\/\/sites.ac-corse.fr\/daac\/wp-content\/uploads\/sites\/33\/2024\/02\/bo2-1.png\" alt=\"\" class=\"wp-image-690\"\/><\/figure>\n\n\n\n<ul class=\"wp-block-list\">\n<li><a href=\"http:\/\/www.education.gouv.fr\/pid25535\/bulletin_officiel.html?cid_bo=71673\" target=\"_blank\" rel=\"noreferrer noopener\">Circulaire n\u00b02013-73<\/a> parue au BO du 9 mai 2013<\/li>\n\n\n\n<li><a href=\"https:\/\/pedagogie.ac-strasbourg.fr\/fileadmin\/commun\/Charte_EAC.PDF\">T\u00e9l\u00e9charger la charte de l&rsquo;\u00e9ducation artistique et culturelle<\/a><\/li>\n\n\n\n<li>\u00c9cole, coll\u00e8ge et lyc\u00e9e\u00a0: chorales scolaires <a href=\"https:\/\/www.education.gouv.fr\/pid285\/bulletin_officiel.html?cid_bo=110814\">Circulaire n\u00b0 2016-201 du 13 d\u00e9cembre 2016<\/a><\/li>\n\n\n\n<li><a href=\"https:\/\/www.education.gouv.fr\/pid25535\/bulletin_officiel.html?cid_bo=91164\">Parcours d&rsquo;\u00e9ducation artistique et culturelle<\/a> Arr\u00eat\u00e9 du 9 juillet 2015<\/li>\n\n\n\n<li>Haut conseil de l&rsquo;\u00e9ducation artistique et culturelle\u00a0: composition et fonctionnement<br><a href=\"https:\/\/www.education.gouv.fr\/pid25535\/bulletin_officiel.html?cid_bo=73716\">D\u00e9cret n\u00b0 2013-783 du 28 ao\u00fbt 2013<\/a><\/li>\n\n\n\n<li>Le parcours d&rsquo;\u00e9ducation artistique et culturelle<br><a href=\"https:\/\/www.education.gouv.fr\/pid25535\/bulletin_officiel.html?cid_bo=71673\">Circulaire interminist\u00e9rielle n\u00b0 2013-073 du 3 mai 2013<\/a><\/li>\n\n\n\n<li>D\u00e9veloppement des pratiques orchestrales \u00e0 l&rsquo;\u00e9cole et au coll\u00e8ge<br><a href=\"https:\/\/www.education.gouv.fr\/pid25535\/bulletin_officiel.html?cid_bo=58990\">Circulaire n\u00b02012-010 du 11 janvier 2012<\/a><\/li>\n\n\n\n<li>La dimension \u00e9ducative et p\u00e9dagogique des r\u00e9sidences d&rsquo;artistes<br><a href=\"https:\/\/www.education.gouv.fr\/cid50781\/mene1003709c.html\">Circulaire interminist\u00e9rielle n\u00b0 2010-032 du 5 mars 2010<\/a><\/li>\n\n\n\n<li>Favoriser l\u2019acc\u00e8s de tous les lyc\u00e9ens \u00e0 la culture<br><a href=\"https:\/\/www.education.gouv.fr\/cid50473\/mene1002846c.html\">Circulaire n\u00b0 2010-012 du 29 janvier 2010<\/a><\/li>\n\n\n\n<li>Classes \u00e0 horaires am\u00e9nag\u00e9s Th\u00e9\u00e2tre dans les \u00e9coles \u00e9l\u00e9mentaires et les coll\u00e8ges<br><a href=\"https:\/\/www.education.gouv.fr\/cid49301\/mene0914274c.html\">Circulaire n\u00b0 2009-140 du 6 octobre 2009<\/a><\/li>\n\n\n\n<li>D\u00e9veloppement de l&rsquo;\u00e9ducation artistique et culturelle<br><a href=\"https:\/\/www.education.gouv.fr\/bo\/2008\/19\/MENE0800388C.htm\">Circulaire n\u00b0 2008-059 du 29 avril 2008<\/a><\/li>\n\n\n\n<li>Enseignements et dispositifs existants<br><a href=\"ftp:\/\/trf.education.gouv.fr\/pub\/edutel\/bo\/2008\/19\/MENE0800388C_annexe2.pdf\">Annexe 2 de la circulaire<\/a><\/li>\n\n\n\n<li>Les dimensions artistique et culturelle des projets d&rsquo;\u00e9cole et d&rsquo;\u00e9tablissement<br><a href=\"https:\/\/www.education.gouv.fr\/bo\/2007\/5\/MENE0700135C.htm\">Circulaire n\u00b0 2007-022 du 22 janvier 2007<\/a><\/li>\n<\/ul>\n","protected":false},"excerpt":{"rendered":"","protected":false},"author":102,"featured_media":0,"comment_status":"closed","ping_status":"closed","sticky":false,"template":"","format":"standard","meta":{"footnotes":""},"categories":[10],"tags":[],"class_list":["post-687","post","type-post","status-publish","format-standard","hentry","category-ressources"],"_links":{"self":[{"href":"https:\/\/sites.ac-corse.fr\/daac\/wp-json\/wp\/v2\/posts\/687","targetHints":{"allow":["GET"]}}],"collection":[{"href":"https:\/\/sites.ac-corse.fr\/daac\/wp-json\/wp\/v2\/posts"}],"about":[{"href":"https:\/\/sites.ac-corse.fr\/daac\/wp-json\/wp\/v2\/types\/post"}],"author":[{"embeddable":true,"href":"https:\/\/sites.ac-corse.fr\/daac\/wp-json\/wp\/v2\/users\/102"}],"replies":[{"embeddable":true,"href":"https:\/\/sites.ac-corse.fr\/daac\/wp-json\/wp\/v2\/comments?post=687"}],"version-history":[{"count":1,"href":"https:\/\/sites.ac-corse.fr\/daac\/wp-json\/wp\/v2\/posts\/687\/revisions"}],"predecessor-version":[{"id":691,"href":"https:\/\/sites.ac-corse.fr\/daac\/wp-json\/wp\/v2\/posts\/687\/revisions\/691"}],"wp:attachment":[{"href":"https:\/\/sites.ac-corse.fr\/daac\/wp-json\/wp\/v2\/media?parent=687"}],"wp:term":[{"taxonomy":"category","embeddable":true,"href":"https:\/\/sites.ac-corse.fr\/daac\/wp-json\/wp\/v2\/categories?post=687"},{"taxonomy":"post_tag","embeddable":true,"href":"https:\/\/sites.ac-corse.fr\/daac\/wp-json\/wp\/v2\/tags?post=687"}],"curies":[{"name":"wp","href":"https:\/\/api.w.org\/{rel}","templated":true}]}}