{"id":716,"date":"2024-04-16T13:01:00","date_gmt":"2024-04-16T11:01:00","guid":{"rendered":"https:\/\/sites.ac-corse.fr\/daac\/?p=716"},"modified":"2024-09-27T11:38:43","modified_gmt":"2024-09-27T09:38:43","slug":"bd-a-bastia-2024-exposition-lisiere-insulaire-baptiste-cesar","status":"publish","type":"post","link":"https:\/\/sites.ac-corse.fr\/daac\/2024\/04\/16\/bd-a-bastia-2024-exposition-lisiere-insulaire-baptiste-cesar\/","title":{"rendered":"BD \u00e0 Bastia 2024 : Exposition \u00ab\u00a0Lisi\u00e8re Insulaire\u00a0\u00bb Baptiste C\u00e9sar"},"content":{"rendered":"\n<figure class=\"wp-block-image size-full\"><img loading=\"lazy\" decoding=\"async\" width=\"600\" height=\"600\" src=\"https:\/\/sites.ac-corse.fr\/daac\/wp-content\/uploads\/sites\/33\/2024\/04\/agenda-1072087.jpg\" alt=\"\" class=\"wp-image-717\"\/><\/figure>\n\n\n\n<p>Au travers de cette invitation faite \u00e0 un plasticien dont le travail s\u2019inscrit dans la sph\u00e8re de l\u2019art contemporain, BD \u00e0 Bastia op\u00e8re un rapprochement entre deux univers qui ne demandent qu\u2019\u00e0 dialoguer, le dessin constituant un point de convergence fondamental entre les autrices et auteurs de bande dessin\u00e9e et nombre de plasticiens.<\/p>\n\n\n\n<p>L\u2019exposition s\u2019appuie sur la s\u00e9rie des gravures au laser sur carreaux de fa\u00efence illustrant une for\u00eat de ch\u00e2taigniers remarquables en Corse, r\u00e9alis\u00e9e dans le cadre d\u2019une r\u00e9sidence \u00e0 Casell\u2019arte, \u00e0 Venaco, en 2023. D\u2019autres s\u00e9ries de dessins originaux compl\u00e8tent l\u2019exposition.<\/p>\n\n\n\n<p>Baptiste C\u00e9sar, artiste multidisciplinaire, vit et travaille \u00e0 Paris depuis 2016. Sa pratique l\u2019am\u00e8ne \u00e0 utiliser diff\u00e9rents m\u00e9diums en fonction du projet artistique. En 2006, il est dipl\u00f4m\u00e9 d\u2019un DNSEP \u00e0 la Villa Arson, \u00e9cole d\u2019Art de Nice, puis en 2008, d\u2019un postgrade Art Lieu Paysage \u00e0 la HEAD de Gen\u00e8ve.<br>Pour sa premi\u00e8re exposition monographique en Corse, Baptiste C\u00e9sar propose une immersion dans son travail graphique. \u00c0 travers une installation illustrant son univers, il joue de la palette prot\u00e9iforme du dessin, source de toutes ses r\u00e9flexions cr\u00e9atrices.<\/p>\n\n\n\n<p><\/p>\n\n\n\n<div class=\"wp-block-buttons is-layout-flex wp-block-buttons-is-layout-flex\">\n<div class=\"wp-block-button\"><a class=\"wp-block-button__link wp-element-button\" href=\"https:\/\/una-volta.com\/baptiste-cesar\/\">En savoir plus <\/a><\/div>\n<\/div>\n","protected":false},"excerpt":{"rendered":"<p>Au travers de cette invitation faite \u00e0 un plasticien dont le travail s\u2019inscrit dans la sph\u00e8re de l\u2019art contemporain, BD \u00e0 Bastia op\u00e8re un rapprochement entre deux univers qui ne demandent qu\u2019\u00e0 dialoguer, le dessin constituant un point de convergence fondamental entre les autrices et auteurs de bande dessin\u00e9e et nombre de plasticiens. L\u2019exposition s\u2019appuie [&hellip;]<\/p>\n","protected":false},"author":102,"featured_media":717,"comment_status":"closed","ping_status":"closed","sticky":false,"template":"","format":"standard","meta":{"footnotes":""},"categories":[1],"tags":[],"class_list":["post-716","post","type-post","status-publish","format-standard","has-post-thumbnail","hentry","category-non-classe"],"_links":{"self":[{"href":"https:\/\/sites.ac-corse.fr\/daac\/wp-json\/wp\/v2\/posts\/716","targetHints":{"allow":["GET"]}}],"collection":[{"href":"https:\/\/sites.ac-corse.fr\/daac\/wp-json\/wp\/v2\/posts"}],"about":[{"href":"https:\/\/sites.ac-corse.fr\/daac\/wp-json\/wp\/v2\/types\/post"}],"author":[{"embeddable":true,"href":"https:\/\/sites.ac-corse.fr\/daac\/wp-json\/wp\/v2\/users\/102"}],"replies":[{"embeddable":true,"href":"https:\/\/sites.ac-corse.fr\/daac\/wp-json\/wp\/v2\/comments?post=716"}],"version-history":[{"count":1,"href":"https:\/\/sites.ac-corse.fr\/daac\/wp-json\/wp\/v2\/posts\/716\/revisions"}],"predecessor-version":[{"id":718,"href":"https:\/\/sites.ac-corse.fr\/daac\/wp-json\/wp\/v2\/posts\/716\/revisions\/718"}],"wp:featuredmedia":[{"embeddable":true,"href":"https:\/\/sites.ac-corse.fr\/daac\/wp-json\/wp\/v2\/media\/717"}],"wp:attachment":[{"href":"https:\/\/sites.ac-corse.fr\/daac\/wp-json\/wp\/v2\/media?parent=716"}],"wp:term":[{"taxonomy":"category","embeddable":true,"href":"https:\/\/sites.ac-corse.fr\/daac\/wp-json\/wp\/v2\/categories?post=716"},{"taxonomy":"post_tag","embeddable":true,"href":"https:\/\/sites.ac-corse.fr\/daac\/wp-json\/wp\/v2\/tags?post=716"}],"curies":[{"name":"wp","href":"https:\/\/api.w.org\/{rel}","templated":true}]}}