{"id":947,"date":"2024-10-20T23:13:45","date_gmt":"2024-10-20T21:13:45","guid":{"rendered":"https:\/\/sites.ac-corse.fr\/daac\/?p=947"},"modified":"2025-01-07T15:47:59","modified_gmt":"2025-01-07T14:47:59","slug":"les-jeunes-rendent-hommage-a-moliere","status":"publish","type":"post","link":"https:\/\/sites.ac-corse.fr\/daac\/2024\/10\/20\/les-jeunes-rendent-hommage-a-moliere\/","title":{"rendered":"\u00ab\u00a0Les jeunes rendent hommage \u00e0 Moli\u00e8re\u00a0\u00bb\u00a0"},"content":{"rendered":"\n<p class=\"has-colibri-color-1-color has-text-color has-link-color has-large-font-size wp-elements-209d5f59de12cb494340275856c8e4c9\">Jeu concours de la Com\u00e9die Fran\u00e7aise<\/p>\n\n\n\n<p><strong>Pour c\u00e9l\u00e9brer Moli\u00e8re, la Com\u00e9die-Fran\u00e7aise lance la quatri\u00e8me \u00e9dition du jeu-concours&nbsp;<em>Les jeunes rendent hommage \u00e0 Moli\u00e8re<\/em>, pour les classes d\u2019\u00e9coles primaires, de coll\u00e8ges, de lyc\u00e9es d\u2019enseignement g\u00e9n\u00e9ral, technique et professionnel et pour les groupes \u00e9tudiants en France et \u00e0 l\u2019\u00e9tranger.<\/strong><\/p>\n\n\n\n<p class=\"has-colibri-color-1-color has-text-color has-link-color wp-elements-411751c7c6a329f3863cd7d8a140075f\"><strong>CALENDRIER ET MODALIT\u00c9S&nbsp;: INSCRIPTION AVANT LE 15 NOVEMBRE 2024<\/strong><\/p>\n\n\n\n<p>Les enseignantes et enseignants inscrivent leurs classes ou leurs groupes sur&nbsp;<a href=\"https:\/\/eduscol.education.fr\/3004\/l-application-adage\">ADAGE via la plateforme ARENA<\/a>&nbsp;<strong>&nbsp;avant le 15 novembre 2024<\/strong>.<\/p>\n\n\n\n<p><strong>CHOIX DES CITATIONS&nbsp;:&nbsp;<\/strong>En vue du travail collectif \u00e0 venir, chaque \u00e9l\u00e8ve choisit une phrase ou deux, en vers ou en prose, dans une com\u00e9die de Moli\u00e8re, et l&rsquo;apprend par c\u0153ur pour la faire sienne.<\/p>\n\n\n\n<p class=\"has-colibri-color-1-color has-text-color has-link-color wp-elements-b1759ffbba2960f8d7eecd40f788f333\"><strong>MISE EN VOIX ET EN ESPACE<\/strong><\/p>\n\n\n\n<p>L&rsquo;id\u00e9e est ensuite de mettre en voix l&rsquo;ensemble des citations. \u00c0 tour de r\u00f4le, chacun et chacune r\u00e9cite sa citation dans une mise en espace commune. Le lieu choisi peut par exemple \u00eatre la classe, la cour, le CDI, le r\u00e9fectoire. Le groupe peuvent \u00eatre assis, debout, sur les tables&#8230; Un code vestimentaire est ou non d\u00e9cid\u00e9.&nbsp;<\/p>\n\n\n\n<p>Et Moli\u00e8re dans tout cela ? Moli\u00e8re doit appara\u00eetre, en gros, en petit, en miniature, en filigrane, en dessin, en carton-p\u00e2te&#8230; c&rsquo;est son hommage !<\/p>\n\n\n\n<p class=\"has-colibri-color-1-color has-text-color has-link-color wp-elements-15d04cb6102bf44a8959396ddad6039f\"><strong>CAPTATION VID\u00c9O AVANT LE 19 JANVIER 2025<\/strong><\/p>\n\n\n\n<p>Chaque hommage \u00e0 Moli\u00e8re est film\u00e9 dans un format d&rsquo;une dizaine de minutes environ \u00e0 l&rsquo;aide d&rsquo;un smartphone ou d&rsquo;une cam\u00e9ra. Il est envoy\u00e9 en format MP4 \u00e0 l&rsquo;adresse&nbsp;<strong>moliere2025@comedie-francaise.org<\/strong><\/p>\n\n\n\n<p class=\"has-colibri-color-1-color has-text-color has-link-color wp-elements-c6a18d0fe08d4057b86d7c825309a630\"><strong>JURY<\/strong><\/p>\n\n\n\n<p>Un jury se r\u00e9unira pour s\u00e9lectionner un hommage par cat\u00e9gorie (\u00e9cole primaire \/ coll\u00e8ge \/ lyc\u00e9e g\u00e9n\u00e9ral \/ lyc\u00e9e technique et professionnel \/ \u00e9tudiant).<\/p>\n\n\n\n<p>Une attention particuli\u00e8re sera accord\u00e9e \u00e0 l&rsquo;engagement du groupe ainsi qu&rsquo;\u00e0 l&rsquo;originalit\u00e9 de la mise en voix et en espace.<\/p>\n\n\n\n<p class=\"has-colibri-color-1-color has-text-color has-link-color wp-elements-ead55e5deda86b583504d567c94c14d8\"><strong>PRIX<\/strong><\/p>\n\n\n\n<p>Les classes des cinq hommages s\u00e9lectionn\u00e9s seront re\u00e7us par une com\u00e9dienne ou un com\u00e9dien de la Troupe sous la Coupole de la Salle Richelieu pour recevoir leur prix.<\/p>\n\n\n\n<p>Les hommages \u00e0 Moli\u00e8re seront diffus\u00e9s sur les r\u00e9seaux sociaux de la Com\u00e9die-Fran\u00e7aise.<\/p>\n\n\n\n<p><strong>Renseignements&nbsp;:<\/strong> <a href=\"https:\/\/www.comedie-francaise.fr\/fr\/actualites\/les-jeunes-rendent-hommage-a-moliere#:~:text=Pour%20c\u00e9l\u00e9brer%20l'hommage%20\u00e0,hommage%20\u00e0%20Moli\u00e8re%20en%202025%20\">https:\/\/www.comedie-francaise.fr\/fr\/actualites\/les-jeunes-rendent-hommage-a-moliere#:~:text=Pour%20c\u00e9l\u00e9brer%20l&rsquo;hommage%20\u00e0,hommage%20\u00e0%20Moli\u00e8re%20en%202025%20<\/a><\/p>\n\n\n\n<figure class=\"wp-block-image size-full is-resized\"><img loading=\"lazy\" decoding=\"async\" width=\"1800\" height=\"2400\" src=\"https:\/\/sites.ac-corse.fr\/daac\/wp-content\/uploads\/sites\/33\/2024\/10\/MOLIERE-1.jpeg\" alt=\"\" class=\"wp-image-950\" style=\"object-fit:cover;width:300px;height:auto\"\/><\/figure>\n","protected":false},"excerpt":{"rendered":"<p>Jeu concours de la Com\u00e9die Fran\u00e7aise Pour c\u00e9l\u00e9brer Moli\u00e8re, la Com\u00e9die-Fran\u00e7aise lance la quatri\u00e8me \u00e9dition du jeu-concours&nbsp;Les jeunes rendent hommage \u00e0 Moli\u00e8re, pour les classes d\u2019\u00e9coles primaires, de coll\u00e8ges, de lyc\u00e9es d\u2019enseignement g\u00e9n\u00e9ral, technique et professionnel et pour les groupes \u00e9tudiants en France et \u00e0 l\u2019\u00e9tranger. CALENDRIER ET MODALIT\u00c9S&nbsp;: INSCRIPTION AVANT LE 15 NOVEMBRE 2024 [&hellip;]<\/p>\n","protected":false},"author":103,"featured_media":959,"comment_status":"closed","ping_status":"closed","sticky":false,"template":"","format":"standard","meta":{"footnotes":""},"categories":[16],"tags":[],"class_list":["post-947","post","type-post","status-publish","format-standard","has-post-thumbnail","hentry","category-spectacle-vivant"],"_links":{"self":[{"href":"https:\/\/sites.ac-corse.fr\/daac\/wp-json\/wp\/v2\/posts\/947","targetHints":{"allow":["GET"]}}],"collection":[{"href":"https:\/\/sites.ac-corse.fr\/daac\/wp-json\/wp\/v2\/posts"}],"about":[{"href":"https:\/\/sites.ac-corse.fr\/daac\/wp-json\/wp\/v2\/types\/post"}],"author":[{"embeddable":true,"href":"https:\/\/sites.ac-corse.fr\/daac\/wp-json\/wp\/v2\/users\/103"}],"replies":[{"embeddable":true,"href":"https:\/\/sites.ac-corse.fr\/daac\/wp-json\/wp\/v2\/comments?post=947"}],"version-history":[{"count":3,"href":"https:\/\/sites.ac-corse.fr\/daac\/wp-json\/wp\/v2\/posts\/947\/revisions"}],"predecessor-version":[{"id":953,"href":"https:\/\/sites.ac-corse.fr\/daac\/wp-json\/wp\/v2\/posts\/947\/revisions\/953"}],"wp:featuredmedia":[{"embeddable":true,"href":"https:\/\/sites.ac-corse.fr\/daac\/wp-json\/wp\/v2\/media\/959"}],"wp:attachment":[{"href":"https:\/\/sites.ac-corse.fr\/daac\/wp-json\/wp\/v2\/media?parent=947"}],"wp:term":[{"taxonomy":"category","embeddable":true,"href":"https:\/\/sites.ac-corse.fr\/daac\/wp-json\/wp\/v2\/categories?post=947"},{"taxonomy":"post_tag","embeddable":true,"href":"https:\/\/sites.ac-corse.fr\/daac\/wp-json\/wp\/v2\/tags?post=947"}],"curies":[{"name":"wp","href":"https:\/\/api.w.org\/{rel}","templated":true}]}}