{"id":960,"date":"2024-10-21T15:23:29","date_gmt":"2024-10-21T13:23:29","guid":{"rendered":"https:\/\/sites.ac-corse.fr\/daac\/?p=960"},"modified":"2024-10-21T15:23:30","modified_gmt":"2024-10-21T13:23:30","slug":"la-grande-librairie-concours-national-de-lecture-si-on-lisait-a-voix-haute","status":"publish","type":"post","link":"https:\/\/sites.ac-corse.fr\/daac\/2024\/10\/21\/la-grande-librairie-concours-national-de-lecture-si-on-lisait-a-voix-haute\/","title":{"rendered":"La Grande Librairie &#8211; Concours national de lecture \u00ab\u00a0Si on lisait \u00e0 voix haute \u00bb"},"content":{"rendered":"\n<p>La campagne d&rsquo;inscription au concours national\u00a0<strong>\u00ab\u00a0Si on lisait \u00e0 voix haute\u00a0\u00bb<\/strong>, organis\u00e9e par l&rsquo;\u00e9mission La Grande Librairie et France T\u00e9l\u00e9visions, en partenariat avec le minist\u00e8re de l&rsquo;\u00c9ducation nationale et de la Jeunesse\u00a0est\u00a0<strong>ouverte sur ADAGE jusqu&rsquo;au 5 d\u00e9cembre 2024.<\/strong><\/p>\n\n\n\n<p>Ce grand concours national de lecture \u00e0 voix haute, destin\u00e9\u00a0aux coll\u00e9giens et lyc\u00e9ens,\u00a0se d\u00e9roule durant toute l&rsquo;ann\u00e9e scolaire, depuis le travail des professeurs avec leurs \u00e9l\u00e8ves et la d\u00e9signation du candidat de la classe, jusqu&rsquo;\u00e0 la grande finale en prime time, diffus\u00e9e en juin sur France T\u00e9l\u00e9visions o\u00f9 les \u00e9l\u00e8ves candidats lisent \u00e0 voix haute, devant un public, un extrait d&rsquo;une \u0153uvre de leur choix.\u00a0<\/p>\n\n\n\n<p>Une premi\u00e8re s\u00e9lection du champion de la classe est organis\u00e9e par un vote des \u00e9l\u00e8ves au sein de la classe ; puis les champions de classe sont d\u00e9partag\u00e9s par des jurys acad\u00e9miques \u00e0 partir d&rsquo;un enregistrement vid\u00e9o de leur prestation, pour acc\u00e9der \u00e0 la demi-finale (jury national), puis \u00e0 la grande finale. Les finalistes, qui seront form\u00e9s et accompagn\u00e9s par des professionnels de la lecture au printemps prochain, s&rsquo;affronteront lors de cette grande finale.<\/p>\n\n\n\n<p>Une FAQ est disponible \u00e0 l&rsquo;adresse suivante :&nbsp;<\/p>\n\n\n\n<p><a href=\"https:\/\/www.lumni.fr\/article\/faq-du-concours-de-lecture-a-voix-haute\">https:\/\/www.lumni.fr\/article\/faq-du-concours-de-lecture-a-voix-haute<\/a><\/p>\n","protected":false},"excerpt":{"rendered":"<p>La campagne d&rsquo;inscription au concours national\u00a0\u00ab\u00a0Si on lisait \u00e0 voix haute\u00a0\u00bb, organis\u00e9e par l&rsquo;\u00e9mission La Grande Librairie et France T\u00e9l\u00e9visions, en partenariat avec le minist\u00e8re de l&rsquo;\u00c9ducation nationale et de la Jeunesse\u00a0est\u00a0ouverte sur ADAGE jusqu&rsquo;au 5 d\u00e9cembre 2024. Ce grand concours national de lecture \u00e0 voix haute, destin\u00e9\u00a0aux coll\u00e9giens et lyc\u00e9ens,\u00a0se d\u00e9roule durant toute l&rsquo;ann\u00e9e [&hellip;]<\/p>\n","protected":false},"author":103,"featured_media":963,"comment_status":"closed","ping_status":"closed","sticky":false,"template":"","format":"standard","meta":{"footnotes":""},"categories":[1],"tags":[],"class_list":["post-960","post","type-post","status-publish","format-standard","has-post-thumbnail","hentry","category-non-classe"],"_links":{"self":[{"href":"https:\/\/sites.ac-corse.fr\/daac\/wp-json\/wp\/v2\/posts\/960","targetHints":{"allow":["GET"]}}],"collection":[{"href":"https:\/\/sites.ac-corse.fr\/daac\/wp-json\/wp\/v2\/posts"}],"about":[{"href":"https:\/\/sites.ac-corse.fr\/daac\/wp-json\/wp\/v2\/types\/post"}],"author":[{"embeddable":true,"href":"https:\/\/sites.ac-corse.fr\/daac\/wp-json\/wp\/v2\/users\/103"}],"replies":[{"embeddable":true,"href":"https:\/\/sites.ac-corse.fr\/daac\/wp-json\/wp\/v2\/comments?post=960"}],"version-history":[{"count":1,"href":"https:\/\/sites.ac-corse.fr\/daac\/wp-json\/wp\/v2\/posts\/960\/revisions"}],"predecessor-version":[{"id":961,"href":"https:\/\/sites.ac-corse.fr\/daac\/wp-json\/wp\/v2\/posts\/960\/revisions\/961"}],"wp:featuredmedia":[{"embeddable":true,"href":"https:\/\/sites.ac-corse.fr\/daac\/wp-json\/wp\/v2\/media\/963"}],"wp:attachment":[{"href":"https:\/\/sites.ac-corse.fr\/daac\/wp-json\/wp\/v2\/media?parent=960"}],"wp:term":[{"taxonomy":"category","embeddable":true,"href":"https:\/\/sites.ac-corse.fr\/daac\/wp-json\/wp\/v2\/categories?post=960"},{"taxonomy":"post_tag","embeddable":true,"href":"https:\/\/sites.ac-corse.fr\/daac\/wp-json\/wp\/v2\/tags?post=960"}],"curies":[{"name":"wp","href":"https:\/\/api.w.org\/{rel}","templated":true}]}}