{"id":976,"date":"2024-10-21T15:54:00","date_gmt":"2024-10-21T13:54:00","guid":{"rendered":"https:\/\/sites.ac-corse.fr\/daac\/?p=976"},"modified":"2024-10-21T15:54:01","modified_gmt":"2024-10-21T13:54:01","slug":"eduscol-eac","status":"publish","type":"post","link":"https:\/\/sites.ac-corse.fr\/daac\/2024\/10\/21\/eduscol-eac\/","title":{"rendered":"EDUSCOL &#8211; EAC &#8211;"},"content":{"rendered":"\n<p>L\u2019\u00e9ducation nationale a pour missions d\u2019<strong>apporter une culture humaniste \u00e0 tous les \u00e9l\u00e8ves&nbsp;<\/strong>et de&nbsp;<strong>d\u00e9velopper leur formation sensible au travers des pratiques artistiques<\/strong>. Cela passe par l\u2019\u00e9ducation artistique et culturelle et la valorisation des enseignements de langues et cultures de l\u2019Antiquit\u00e9.<\/p>\n\n\n\n<p>Parce qu\u2019ils nous font mieux appr\u00e9hender le monde, parce qu\u2019ils participent de l\u2019\u00e9panouissement des \u00e9l\u00e8ves et qu\u2019ils sont les facteurs essentiels d\u2019une v\u00e9ritable \u00e9galit\u00e9 des chances<strong>, les arts et la culture sont au c\u0153ur de l\u2019\u00c9cole<\/strong>. Depuis 2017, le minist\u00e8re porte cette politique au rang de ses priorit\u00e9s en <strong>compl\u00e9ment des savoirs fondamentaux<\/strong>.<\/p>\n\n\n\n<p><a href=\"https:\/\/www.education.gouv.fr\/l-education-artistique-et-culturelle-7496\">https:\/\/www.education.gouv.fr\/l-education-artistique-et-culturelle-7496<\/a><\/p>\n","protected":false},"excerpt":{"rendered":"<p>L\u2019\u00e9ducation nationale a pour missions d\u2019apporter une culture humaniste \u00e0 tous les \u00e9l\u00e8ves&nbsp;et de&nbsp;d\u00e9velopper leur formation sensible au travers des pratiques artistiques. Cela passe par l\u2019\u00e9ducation artistique et culturelle et la valorisation des enseignements de langues et cultures de l\u2019Antiquit\u00e9. Parce qu\u2019ils nous font mieux appr\u00e9hender le monde, parce qu\u2019ils participent de l\u2019\u00e9panouissement des \u00e9l\u00e8ves [&hellip;]<\/p>\n","protected":false},"author":103,"featured_media":977,"comment_status":"closed","ping_status":"closed","sticky":false,"template":"","format":"standard","meta":{"footnotes":""},"categories":[2,10],"tags":[],"class_list":["post-976","post","type-post","status-publish","format-standard","has-post-thumbnail","hentry","category-la-daac","category-ressources"],"_links":{"self":[{"href":"https:\/\/sites.ac-corse.fr\/daac\/wp-json\/wp\/v2\/posts\/976","targetHints":{"allow":["GET"]}}],"collection":[{"href":"https:\/\/sites.ac-corse.fr\/daac\/wp-json\/wp\/v2\/posts"}],"about":[{"href":"https:\/\/sites.ac-corse.fr\/daac\/wp-json\/wp\/v2\/types\/post"}],"author":[{"embeddable":true,"href":"https:\/\/sites.ac-corse.fr\/daac\/wp-json\/wp\/v2\/users\/103"}],"replies":[{"embeddable":true,"href":"https:\/\/sites.ac-corse.fr\/daac\/wp-json\/wp\/v2\/comments?post=976"}],"version-history":[{"count":3,"href":"https:\/\/sites.ac-corse.fr\/daac\/wp-json\/wp\/v2\/posts\/976\/revisions"}],"predecessor-version":[{"id":980,"href":"https:\/\/sites.ac-corse.fr\/daac\/wp-json\/wp\/v2\/posts\/976\/revisions\/980"}],"wp:featuredmedia":[{"embeddable":true,"href":"https:\/\/sites.ac-corse.fr\/daac\/wp-json\/wp\/v2\/media\/977"}],"wp:attachment":[{"href":"https:\/\/sites.ac-corse.fr\/daac\/wp-json\/wp\/v2\/media?parent=976"}],"wp:term":[{"taxonomy":"category","embeddable":true,"href":"https:\/\/sites.ac-corse.fr\/daac\/wp-json\/wp\/v2\/categories?post=976"},{"taxonomy":"post_tag","embeddable":true,"href":"https:\/\/sites.ac-corse.fr\/daac\/wp-json\/wp\/v2\/tags?post=976"}],"curies":[{"name":"wp","href":"https:\/\/api.w.org\/{rel}","templated":true}]}}