{"id":165,"date":"2022-01-28T10:01:00","date_gmt":"2022-01-28T09:01:00","guid":{"rendered":"https:\/\/sites.ac-corse.fr\/docs\/2022\/01\/28\/une-nouvelle-dynamique-pour-leducation-aux-medias-et-a-linformation\/"},"modified":"2022-12-02T11:22:52","modified_gmt":"2022-12-02T10:22:52","slug":"une-nouvelle-dynamique-pour-leducation-aux-medias-et-a-linformation","status":"publish","type":"post","link":"https:\/\/sites.ac-corse.fr\/docs\/2022\/01\/28\/une-nouvelle-dynamique-pour-leducation-aux-medias-et-a-linformation\/","title":{"rendered":"Une nouvelle dynamique pour l&rsquo;\u00e9ducation aux m\u00e9dias et \u00e0 l&rsquo;information"},"content":{"rendered":"<p><strong>Le Bulletin Officiel n\u00b04 du 27 janvier 2022<\/strong> a publi\u00e9 un arr\u00eat\u00e9 sur la g\u00e9n\u00e9ralisation de l&rsquo;\u00e9ducation aux m\u00e9dias et \u00e0 l&rsquo;information (EMI) afin de cr\u00e9er.\u00a0\u00bbune nouvelle dynamique fond\u00e9e sur le d\u00e9veloppement des projets p\u00e9dagogiques, le renforcement des r\u00e9seaux d&rsquo;acteurs et l&rsquo;accompagnement des pratiques p\u00e9dagogiques dans les \u00e9tablissements\u00a0\u00bb.<\/p>\n<div id=\"parent-fieldname-text\">Au sommaire :<br \/>\n&#8211; inscrire l&rsquo;EMI au c\u0153ur du projet \u00e9ducatif de l&rsquo;\u00e9cole<br \/>\n&#8211; structurer le pilotage pour renforcer la place de l&rsquo;EMI<br \/>\n&#8211; de nouvelles ressources \u00e0 disposition<br \/>\n&#8211; cr\u00e9er une webradio dans chaque coll\u00e8ge<\/p>\n<p><a class=\"link\" href=\"https:\/\/www.education.gouv.fr\/bo\/22\/Hebdo4\/MENE2202370C.htm\" target=\"_blank\" rel=\"noopener\">Consulter le texte<\/a><\/p>\n<\/div>\n","protected":false},"excerpt":{"rendered":"<p>Le Bulletin Officiel n\u00b04 du 27 janvier 2022 a publi\u00e9 un arr\u00eat\u00e9 sur la g\u00e9n\u00e9ralisation de l&rsquo;\u00e9ducation aux m\u00e9dias et \u00e0 l&rsquo;information (EMI) afin de cr\u00e9er.\u00a0\u00bbune nouvelle dynamique fond\u00e9e sur le d\u00e9veloppement des projets p\u00e9dagogiques, le renforcement des r\u00e9seaux d&rsquo;acteurs et l&rsquo;accompagnement des pratiques p\u00e9dagogiques dans les \u00e9tablissements\u00a0\u00bb. Au sommaire : &#8211; inscrire l&rsquo;EMI au [&hellip;]<\/p>\n","protected":false},"author":1,"featured_media":377,"comment_status":"closed","ping_status":"open","sticky":false,"template":"","format":"standard","meta":{"footnotes":""},"categories":[1],"tags":[],"class_list":["post-165","post","type-post","status-publish","format-standard","has-post-thumbnail","hentry","category-non-classe"],"_links":{"self":[{"href":"https:\/\/sites.ac-corse.fr\/docs\/wp-json\/wp\/v2\/posts\/165","targetHints":{"allow":["GET"]}}],"collection":[{"href":"https:\/\/sites.ac-corse.fr\/docs\/wp-json\/wp\/v2\/posts"}],"about":[{"href":"https:\/\/sites.ac-corse.fr\/docs\/wp-json\/wp\/v2\/types\/post"}],"author":[{"embeddable":true,"href":"https:\/\/sites.ac-corse.fr\/docs\/wp-json\/wp\/v2\/users\/1"}],"replies":[{"embeddable":true,"href":"https:\/\/sites.ac-corse.fr\/docs\/wp-json\/wp\/v2\/comments?post=165"}],"version-history":[{"count":1,"href":"https:\/\/sites.ac-corse.fr\/docs\/wp-json\/wp\/v2\/posts\/165\/revisions"}],"predecessor-version":[{"id":376,"href":"https:\/\/sites.ac-corse.fr\/docs\/wp-json\/wp\/v2\/posts\/165\/revisions\/376"}],"wp:featuredmedia":[{"embeddable":true,"href":"https:\/\/sites.ac-corse.fr\/docs\/wp-json\/wp\/v2\/media\/377"}],"wp:attachment":[{"href":"https:\/\/sites.ac-corse.fr\/docs\/wp-json\/wp\/v2\/media?parent=165"}],"wp:term":[{"taxonomy":"category","embeddable":true,"href":"https:\/\/sites.ac-corse.fr\/docs\/wp-json\/wp\/v2\/categories?post=165"},{"taxonomy":"post_tag","embeddable":true,"href":"https:\/\/sites.ac-corse.fr\/docs\/wp-json\/wp\/v2\/tags?post=165"}],"curies":[{"name":"wp","href":"https:\/\/api.w.org\/{rel}","templated":true}]}}