{"id":202,"date":"2018-09-19T16:30:00","date_gmt":"2018-09-19T14:30:00","guid":{"rendered":"https:\/\/sites.ac-corse.fr\/docs\/2018\/09\/19\/lettre-edu_num-hors-serie-n4-juillet-2018\/"},"modified":"2022-12-03T10:18:45","modified_gmt":"2022-12-03T09:18:45","slug":"lettre-edu_num-hors-serie-n4-juillet-2018","status":"publish","type":"post","link":"https:\/\/sites.ac-corse.fr\/docs\/2018\/09\/19\/lettre-edu_num-hors-serie-n4-juillet-2018\/","title":{"rendered":"Lettre \u00c9du_Num hors-s\u00e9rie n\u00b04 (juillet 2018)"},"content":{"rendered":"<p>La lettre&nbsp;\u00c9du_Num Documentation hors-s\u00e9rie n\u00b04, <span id=\"parent-fieldname-description-2146edf99cba49e59e61a51810868117\">qui revient sur les productions r\u00e9alis\u00e9es dans le cadre des TraAM Documentation 2017-2018, <\/span>est \u00e0 consulter sur le site <span class=\"link\"><a class=\"link\" href=\"http:\/\/eduscol.education.fr\/cdi\/edunum\/edunum-cdi-hstraam2018\" target=\"_blank\" rel=\"noopener\">\u00c9duscol<\/a>. <\/span><\/p>\n<p>En voici le sommaire :<\/p>\n<div id=\"Sommaire4\" style=\"padding: 10px; font-size: 0.85em; border: 1px solid #000; background-color: #e9f1f5; border-color: #016193\">\n<p style=\"height: auto; width: auto; font-family: Helvetica, Verdana, Arial, sans-serif; font-weight: bold; line-height: 1.5em; margin-bottom: 0; text-align: left; text-transform: uppercase; margin: 0\"> \t\t<a class=\"link\" href=\"http:\/\/eduscol.education.fr\/cdi\/edunum\/edunum-cdi-hstraam2018#header-1\">1. Zoom sur&#8230; Bilan TraAM Documentation 2017-2018<\/a><\/p>\n<ul style=\"height: auto; width: auto; font-family: Helvetica, Verdana, Arial, sans-serif; margin: 0; list-style: none; padding: 0; margin-left: 0.5em\">\n<li style=\"height: auto; width: auto; font-family: Helvetica, Verdana, Arial, sans-serif; margin-left: 20px; list-style: outside none; line-height: 1.2em; margin: 0\"> \t\t\t<a class=\"link\" href=\"http:\/\/eduscol.education.fr\/cdi\/edunum\/edunum-cdi-hstraam2018#header-2\">A. Th\u00e8me de travail, participants et bilan de l&rsquo;ann\u00e9e<\/a><\/li>\n<li style=\"height: auto; width: auto; font-family: Helvetica, Verdana, Arial, sans-serif; margin-left: 20px; list-style: outside none; line-height: 1.2em; margin: 0\"> \t\t\t<a class=\"link\" href=\"http:\/\/eduscol.education.fr\/cdi\/edunum\/edunum-cdi-hstraam2018#header-3\">B. Un projet f\u00e9d\u00e9rateur : #OuvronsnosCDI<\/a><\/li>\n<li style=\"height: auto; width: auto; font-family: Helvetica, Verdana, Arial, sans-serif; margin-left: 20px; list-style: outside none; line-height: 1.2em; margin: 0\"> \t\t\t&nbsp;<\/li>\n<\/ul>\n<p style=\"height: auto; width: auto; font-family: Helvetica, Verdana, Arial, sans-serif; font-weight: bold; line-height: 1.5em; margin-bottom: 0; text-align: left; text-transform: uppercase; margin: 0\"> \t\t<a class=\"link\" href=\"http:\/\/eduscol.education.fr\/cdi\/edunum\/edunum-cdi-hstraam2018#header-4\">2. Exemples de productions<\/a><\/p>\n<ul style=\"height: auto; width: auto; font-family: Helvetica, Verdana, Arial, sans-serif; margin: 0; list-style: none; padding: 0; margin-left: 0.5em\">\n<li style=\"height: auto; width: auto; font-family: Helvetica, Verdana, Arial, sans-serif; margin-left: 20px; list-style: outside none; line-height: 1.2em; margin: 0\"> \t\t\t<a class=\"link\" href=\"http:\/\/eduscol.education.fr\/cdi\/edunum\/edunum-cdi-hstraam2018#header-5\">A. Productions inter-acad\u00e9miques<\/a>\n<ul style=\"height: auto; width: auto; font-family: Helvetica, Verdana, Arial, sans-serif; margin: 0; list-style: none; padding: 0; margin-left: 0.5em; font-style: italic; list-style: none; margin-left: 1em\">\n<li style=\"height: auto; width: auto; font-family: Helvetica, Verdana, Arial, sans-serif; margin-left: 20px; list-style: outside none; line-height: 1.2em; margin: 0\"> \t\t\t\t\t<a class=\"link\" href=\"http:\/\/eduscol.education.fr\/cdi\/edunum\/edunum-cdi-hstraam2018#header-6\">Design thinking et professeur documentaliste<\/a><\/li>\n<li style=\"height: auto; width: auto; font-family: Helvetica, Verdana, Arial, sans-serif; margin-left: 20px; list-style: outside none; line-height: 1.2em; margin: 0\"> \t\t\t\t\t<a class=\"link\" href=\"http:\/\/eduscol.education.fr\/cdi\/edunum\/edunum-cdi-hstraam2018#header-7\">1001 fa\u00e7ons de constituer une \u00e9quipe acad\u00e9mique<\/a><\/li>\n<li style=\"height: auto; width: auto; font-family: Helvetica, Verdana, Arial, sans-serif; margin-left: 20px; list-style: outside none; line-height: 1.2em; margin: 0\"> \t\t\t\t\t<a class=\"link\" href=\"http:\/\/eduscol.education.fr\/cdi\/edunum\/edunum-cdi-hstraam2018#header-8\">Repenser l&rsquo;espace CDI pour r\u00e9pondre aux besoins des usagers : bien-\u00eatre et CDI id\u00e9al<\/a><\/li>\n<li style=\"height: auto; width: auto; font-family: Helvetica, Verdana, Arial, sans-serif; margin-left: 20px; list-style: outside none; line-height: 1.2em; margin: 0\"> \t\t\t\t\t<a class=\"link\" href=\"http:\/\/eduscol.education.fr\/cdi\/edunum\/edunum-cdi-hstraam2018#header-9\">Guyane<\/a><\/li>\n<li style=\"height: auto; width: auto; font-family: Helvetica, Verdana, Arial, sans-serif; margin-left: 20px; list-style: outside none; line-height: 1.2em; margin: 0\"> \t\t\t\t\t<a class=\"link\" href=\"http:\/\/eduscol.education.fr\/cdi\/edunum\/edunum-cdi-hstraam2018#header-10\">Montpellier<\/a><\/li>\n<li style=\"height: auto; width: auto; font-family: Helvetica, Verdana, Arial, sans-serif; margin-left: 20px; list-style: outside none; line-height: 1.2em; margin: 0\"> \t\t\t\t\t<a class=\"link\" href=\"http:\/\/eduscol.education.fr\/cdi\/edunum\/edunum-cdi-hstraam2018#header-11\">Nancy-Metz<\/a><\/li>\n<li style=\"height: auto; width: auto; font-family: Helvetica, Verdana, Arial, sans-serif; margin-left: 20px; list-style: outside none; line-height: 1.2em; margin: 0\"> \t\t\t\t\t<a class=\"link\" href=\"http:\/\/eduscol.education.fr\/cdi\/edunum\/edunum-cdi-hstraam2018#header-12\">Nice<\/a><\/li>\n<li style=\"height: auto; width: auto; font-family: Helvetica, Verdana, Arial, sans-serif; margin-left: 20px; list-style: outside none; line-height: 1.2em; margin: 0\"> \t\t\t\t\t<a class=\"link\" href=\"http:\/\/eduscol.education.fr\/cdi\/edunum\/edunum-cdi-hstraam2018#header-13\">Orl\u00e9ans-Tours<\/a><\/li>\n<li style=\"height: auto; width: auto; font-family: Helvetica, Verdana, Arial, sans-serif; margin-left: 20px; list-style: outside none; line-height: 1.2em; margin: 0\"> \t\t\t\t\t<a class=\"link\" href=\"http:\/\/eduscol.education.fr\/cdi\/edunum\/edunum-cdi-hstraam2018#header-14\">Reims<\/a><\/li>\n<\/ul>\n<\/li>\n<li style=\"height: auto; width: auto; font-family: Helvetica, Verdana, Arial, sans-serif; margin-left: 20px; list-style: outside none; line-height: 1.2em; margin: 0\"> \t\t\t<a class=\"link\" href=\"http:\/\/eduscol.education.fr\/cdi\/edunum\/edunum-cdi-hstraam2018#header-15\">B. Les TraAM et la #Formescolaire : une th\u00e9matique qui a irrigu\u00e9 le TraAM tout au long de l&rsquo;ann\u00e9e<\/a><\/li>\n<li style=\"height: auto; width: auto; font-family: Helvetica, Verdana, Arial, sans-serif; margin-left: 20px; list-style: outside none; line-height: 1.2em; margin: 0\"> \t\t\t&nbsp;<\/li>\n<\/ul>\n<p style=\"height: auto; width: auto; font-family: Helvetica, Verdana, Arial, sans-serif; font-weight: bold; line-height: 1.5em; margin-bottom: 0; text-align: left; text-transform: uppercase; margin: 0\"> \t\t<a class=\"link\" href=\"http:\/\/eduscol.education.fr\/cdi\/edunum\/edunum-cdi-hstraam2018#header-16\">3. TraAM 2018-2019 : pistes de r\u00e9flexion<\/a><\/p>\n<\/div>\n<p>https:\/\/sites.ac-corse.fr\/wp-content\/uploads\/sites\/27\/photo\/art\/default\/1014931-1278626.jpg<\/p>\n","protected":false},"excerpt":{"rendered":"<p>La lettre&nbsp;\u00c9du_Num Documentation hors-s\u00e9rie n\u00b04, qui revient sur les productions r\u00e9alis\u00e9es dans le cadre des TraAM Documentation 2017-2018, est \u00e0 consulter sur le site \u00c9duscol. En voici le sommaire : 1. Zoom sur&#8230; Bilan TraAM Documentation 2017-2018 A. Th\u00e8me de travail, participants et bilan de l&rsquo;ann\u00e9e B. Un projet f\u00e9d\u00e9rateur : #OuvronsnosCDI &nbsp; 2. Exemples [&hellip;]<\/p>\n","protected":false},"author":1,"featured_media":378,"comment_status":"closed","ping_status":"open","sticky":false,"template":"","format":"standard","meta":{"footnotes":""},"categories":[6],"tags":[],"class_list":["post-202","post","type-post","status-publish","format-standard","has-post-thumbnail","hentry","category-lettres-edu_num"],"_links":{"self":[{"href":"https:\/\/sites.ac-corse.fr\/docs\/wp-json\/wp\/v2\/posts\/202","targetHints":{"allow":["GET"]}}],"collection":[{"href":"https:\/\/sites.ac-corse.fr\/docs\/wp-json\/wp\/v2\/posts"}],"about":[{"href":"https:\/\/sites.ac-corse.fr\/docs\/wp-json\/wp\/v2\/types\/post"}],"author":[{"embeddable":true,"href":"https:\/\/sites.ac-corse.fr\/docs\/wp-json\/wp\/v2\/users\/1"}],"replies":[{"embeddable":true,"href":"https:\/\/sites.ac-corse.fr\/docs\/wp-json\/wp\/v2\/comments?post=202"}],"version-history":[{"count":1,"href":"https:\/\/sites.ac-corse.fr\/docs\/wp-json\/wp\/v2\/posts\/202\/revisions"}],"predecessor-version":[{"id":507,"href":"https:\/\/sites.ac-corse.fr\/docs\/wp-json\/wp\/v2\/posts\/202\/revisions\/507"}],"wp:featuredmedia":[{"embeddable":true,"href":"https:\/\/sites.ac-corse.fr\/docs\/wp-json\/wp\/v2\/media\/378"}],"wp:attachment":[{"href":"https:\/\/sites.ac-corse.fr\/docs\/wp-json\/wp\/v2\/media?parent=202"}],"wp:term":[{"taxonomy":"category","embeddable":true,"href":"https:\/\/sites.ac-corse.fr\/docs\/wp-json\/wp\/v2\/categories?post=202"},{"taxonomy":"post_tag","embeddable":true,"href":"https:\/\/sites.ac-corse.fr\/docs\/wp-json\/wp\/v2\/tags?post=202"}],"curies":[{"name":"wp","href":"https:\/\/api.w.org\/{rel}","templated":true}]}}