{"id":337,"date":"2007-09-11T12:00:00","date_gmt":"2007-09-11T10:00:00","guid":{"rendered":"https:\/\/sites.ac-corse.fr\/docs\/2007\/09\/11\/idd-classe-de-4eme-creation-dun-journal-scolaire-en-ligne\/"},"modified":"2022-12-06T09:30:44","modified_gmt":"2022-12-06T08:30:44","slug":"idd-classe-de-4eme-creation-dun-journal-scolaire-en-ligne","status":"publish","type":"post","link":"https:\/\/sites.ac-corse.fr\/docs\/2007\/09\/11\/idd-classe-de-4eme-creation-dun-journal-scolaire-en-ligne\/","title":{"rendered":"IDD Classe de 4\u00e8me : Cr\u00e9ation d\u2019un journal scolaire en ligne"},"content":{"rendered":"<p><strong>Cadre et objectifs<\/strong><br \/>\n<span class=\"u\">Disciplines impliqu\u00e9es<\/span> : Lettres et Documentation<br \/>\n<span class=\"u\">Professeurs<\/span> : B\u00e9n\u00e9dicte Herrgott, Corinne Voisin<br \/>\n<span class=\"u\">Ann\u00e9e <\/span>: 2006-2007<br \/>\n<span class=\"u\">Domaines du programme <\/span>: \u00c9ducation \u00e0 l\u2019information et aux m\u00e9dias : Ma\u00eetrise de l\u2019information. \u00c9criture journalistique (expression \u00e9crite)<\/p>\n<p><span class=\"u\">Finalit\u00e9 du projet<\/span> : cr\u00e9er un journal scolaire en ligne en int\u00e9grant les \u00e9tapes et les contraintes du travail et de l\u2019\u00e9criture journalistique.<\/p>\n<p><span class=\"u\">Objectifs g\u00e9n\u00e9raux<\/span> :<\/p>\n<p>1) Le projet : Conna\u00eetre et cr\u00e9er la carte d\u2019identit\u00e9 du journal, ses rubriques, son lectorat, sa p\u00e9riodicit\u00e9<\/p>\n<p>2) La recherche documentaire. L\u2019enqu\u00eate<\/p>\n<p>3) La s\u00e9lection des sujets<\/p>\n<p>4) La r\u00e9daction d\u2019un article<\/p>\n<p>Pour prendre connaissance de la <b>totalit\u00e9 du projet<\/b> <a href=\"docs\/Mise_en_forme_projet_webzine2.doc\" target=\"_blank\" rel=\"noopener\">cliquez ici<\/a><\/p>\n<p>Pour t\u00e9l\u00e9charger les <b>fiches \u00e9l\u00e8ves<\/b> <a href=\"docs\/IDD4eme_ficheseleve.doc\" target=\"_blank\" rel=\"noopener\">cliquez ici<\/a><\/p>\n<p><a href=\"http:\/\/nuticiel.ac-corse.fr\/ClemenceauSarte\/\">Page d&rsquo;accueil<\/a> du site h\u00e9bergeant le journal. (Rubrique \u00ab Le petit Sartenais \u00bb \u00e0 gauche sur l\u2019\u00e9cran)<\/p>\n<p><u>Auteur<\/u> : <i>B\u00e9n\u00e9dicte Herrgott<\/i><!--html--><\/p>\n","protected":false},"excerpt":{"rendered":"<p>Cadre et objectifs Disciplines impliqu\u00e9es : Lettres et Documentation Professeurs : B\u00e9n\u00e9dicte Herrgott, Corinne Voisin Ann\u00e9e : 2006-2007 Domaines du programme : \u00c9ducation \u00e0 l\u2019information et aux m\u00e9dias : Ma\u00eetrise de l\u2019information. \u00c9criture journalistique (expression \u00e9crite) Finalit\u00e9 du projet : cr\u00e9er un journal scolaire en ligne en int\u00e9grant les \u00e9tapes et les contraintes du travail [&hellip;]<\/p>\n","protected":false},"author":1,"featured_media":0,"comment_status":"closed","ping_status":"open","sticky":false,"template":"","format":"standard","meta":{"footnotes":""},"categories":[8,7],"tags":[],"class_list":["post-337","post","type-post","status-publish","format-standard","hentry","category-emi","category-pedagogie"],"_links":{"self":[{"href":"https:\/\/sites.ac-corse.fr\/docs\/wp-json\/wp\/v2\/posts\/337","targetHints":{"allow":["GET"]}}],"collection":[{"href":"https:\/\/sites.ac-corse.fr\/docs\/wp-json\/wp\/v2\/posts"}],"about":[{"href":"https:\/\/sites.ac-corse.fr\/docs\/wp-json\/wp\/v2\/types\/post"}],"author":[{"embeddable":true,"href":"https:\/\/sites.ac-corse.fr\/docs\/wp-json\/wp\/v2\/users\/1"}],"replies":[{"embeddable":true,"href":"https:\/\/sites.ac-corse.fr\/docs\/wp-json\/wp\/v2\/comments?post=337"}],"version-history":[{"count":3,"href":"https:\/\/sites.ac-corse.fr\/docs\/wp-json\/wp\/v2\/posts\/337\/revisions"}],"predecessor-version":[{"id":696,"href":"https:\/\/sites.ac-corse.fr\/docs\/wp-json\/wp\/v2\/posts\/337\/revisions\/696"}],"wp:attachment":[{"href":"https:\/\/sites.ac-corse.fr\/docs\/wp-json\/wp\/v2\/media?parent=337"}],"wp:term":[{"taxonomy":"category","embeddable":true,"href":"https:\/\/sites.ac-corse.fr\/docs\/wp-json\/wp\/v2\/categories?post=337"},{"taxonomy":"post_tag","embeddable":true,"href":"https:\/\/sites.ac-corse.fr\/docs\/wp-json\/wp\/v2\/tags?post=337"}],"curies":[{"name":"wp","href":"https:\/\/api.w.org\/{rel}","templated":true}]}}