{"id":765,"date":"2023-04-13T09:30:20","date_gmt":"2023-04-13T07:30:20","guid":{"rendered":"https:\/\/sites.ac-corse.fr\/education-musicale\/?p=765"},"modified":"2023-05-25T09:37:59","modified_gmt":"2023-05-25T07:37:59","slug":"fratellenza-concerts-des-chorales-des-colleges-de-biguglia-cervione-corte-moltifao-montesoro-et-saint-joseph","status":"publish","type":"post","link":"https:\/\/sites.ac-corse.fr\/education-musicale\/2023\/04\/13\/fratellenza-concerts-des-chorales-des-colleges-de-biguglia-cervione-corte-moltifao-montesoro-et-saint-joseph\/","title":{"rendered":"\u00ab\u00a0Fratellenza\u00a0\u00bb : Concerts des chorales des coll\u00e8ges de Biguglia, Cervione, Corte, Moltifao, Montesoro et Saint Joseph"},"content":{"rendered":"\n<p><strong>Vendredi 2 juin au Th\u00e9\u00e2tre de Biguglia<\/strong><\/p>\n\n\n\n<p><strong>Mardi 13 juin au Th\u00e9\u00e2tre de l&rsquo;Alb&rsquo;Oru \u00e0 Bastia<\/strong><\/p>\n\n\n\n<p><\/p>\n\n\n\n<figure class=\"wp-block-image size-large\"><img loading=\"lazy\" decoding=\"async\" width=\"1024\" height=\"1024\" src=\"https:\/\/sites.ac-corse.fr\/education-musicale\/wp-content\/uploads\/sites\/31\/2023\/04\/AFFICHE-1024x1024.png\" alt=\"\" class=\"wp-image-766\" srcset=\"https:\/\/sites.ac-corse.fr\/education-musicale\/wp-content\/uploads\/sites\/31\/2023\/04\/AFFICHE-1024x1024.png 1024w, https:\/\/sites.ac-corse.fr\/education-musicale\/wp-content\/uploads\/sites\/31\/2023\/04\/AFFICHE-300x300.png 300w, https:\/\/sites.ac-corse.fr\/education-musicale\/wp-content\/uploads\/sites\/31\/2023\/04\/AFFICHE-150x150.png 150w, https:\/\/sites.ac-corse.fr\/education-musicale\/wp-content\/uploads\/sites\/31\/2023\/04\/AFFICHE-768x768.png 768w, https:\/\/sites.ac-corse.fr\/education-musicale\/wp-content\/uploads\/sites\/31\/2023\/04\/AFFICHE.png 1080w\" sizes=\"auto, (max-width: 1024px) 100vw, 1024px\" \/><\/figure>\n\n\n<div class=\"taxonomy-category wp-block-post-terms\"><a href=\"https:\/\/sites.ac-corse.fr\/education-musicale\/category\/actualites-academiques\/\" rel=\"tag\">Actualit\u00e9s Acad\u00e9miques<\/a><span class=\"wp-block-post-terms__separator\">, <\/span><a href=\"https:\/\/sites.ac-corse.fr\/education-musicale\/category\/concerts\/\" rel=\"tag\">Concerts<\/a><\/div>","protected":false},"excerpt":{"rendered":"<p>Vendredi 2 juin au Th\u00e9\u00e2tre de Biguglia Mardi 13 juin au Th\u00e9\u00e2tre de l&rsquo;Alb&rsquo;Oru \u00e0 Bastia<\/p>\n","protected":false},"author":83,"featured_media":0,"comment_status":"closed","ping_status":"closed","sticky":false,"template":"","format":"standard","meta":{"footnotes":""},"categories":[7,17],"tags":[],"class_list":["post-765","post","type-post","status-publish","format-standard","hentry","category-actualites-academiques","category-concerts"],"_links":{"self":[{"href":"https:\/\/sites.ac-corse.fr\/education-musicale\/wp-json\/wp\/v2\/posts\/765","targetHints":{"allow":["GET"]}}],"collection":[{"href":"https:\/\/sites.ac-corse.fr\/education-musicale\/wp-json\/wp\/v2\/posts"}],"about":[{"href":"https:\/\/sites.ac-corse.fr\/education-musicale\/wp-json\/wp\/v2\/types\/post"}],"author":[{"embeddable":true,"href":"https:\/\/sites.ac-corse.fr\/education-musicale\/wp-json\/wp\/v2\/users\/83"}],"replies":[{"embeddable":true,"href":"https:\/\/sites.ac-corse.fr\/education-musicale\/wp-json\/wp\/v2\/comments?post=765"}],"version-history":[{"count":2,"href":"https:\/\/sites.ac-corse.fr\/education-musicale\/wp-json\/wp\/v2\/posts\/765\/revisions"}],"predecessor-version":[{"id":769,"href":"https:\/\/sites.ac-corse.fr\/education-musicale\/wp-json\/wp\/v2\/posts\/765\/revisions\/769"}],"wp:attachment":[{"href":"https:\/\/sites.ac-corse.fr\/education-musicale\/wp-json\/wp\/v2\/media?parent=765"}],"wp:term":[{"taxonomy":"category","embeddable":true,"href":"https:\/\/sites.ac-corse.fr\/education-musicale\/wp-json\/wp\/v2\/categories?post=765"},{"taxonomy":"post_tag","embeddable":true,"href":"https:\/\/sites.ac-corse.fr\/education-musicale\/wp-json\/wp\/v2\/tags?post=765"}],"curies":[{"name":"wp","href":"https:\/\/api.w.org\/{rel}","templated":true}]}}