{"id":827,"date":"2024-05-14T14:41:28","date_gmt":"2024-05-14T12:41:28","guid":{"rendered":"https:\/\/sites.ac-corse.fr\/education-musicale\/?p=827"},"modified":"2024-06-24T11:03:23","modified_gmt":"2024-06-24T09:03:23","slug":"festival-academique-des-chorales-scolaires","status":"publish","type":"post","link":"https:\/\/sites.ac-corse.fr\/education-musicale\/2024\/05\/14\/festival-academique-des-chorales-scolaires\/","title":{"rendered":"Festival Acad\u00e9mique des Chorales Scolaires"},"content":{"rendered":"\n<p>Comme chaque ann\u00e9e, les chorales scolaires font leur festival et proposent des concerts sur toute la Corse. De Bastia \u00e0 Ajaccio en passant par Corte, Calvi, Porto-Vecchio (&#8230;), venez applaudir nos \u00e9l\u00e8ves !<\/p>\n\n\n\n<div class=\"wp-block-media-text has-media-on-the-right is-stacked-on-mobile\" style=\"grid-template-columns:auto 27%\"><div class=\"wp-block-media-text__content\">\n<p><strong>16 Mai : <\/strong>Concert des \u00e9l\u00e8ves d&rsquo;Option Musique du Lyc\u00e9e Jeanne d&rsquo;Arc &#8211; Bastia<\/p>\n<\/div><figure class=\"wp-block-media-text__media\"><img loading=\"lazy\" decoding=\"async\" width=\"750\" height=\"1072\" src=\"https:\/\/sites.ac-corse.fr\/education-musicale\/wp-content\/uploads\/sites\/31\/2024\/05\/Jeanne-DArc.jpg\" alt=\"\" class=\"wp-image-828 size-full\"\/><\/figure><\/div>\n\n\n\n<div class=\"wp-block-media-text is-stacked-on-mobile\" style=\"grid-template-columns:28% auto\"><figure class=\"wp-block-media-text__media\"><img loading=\"lazy\" decoding=\"async\" width=\"1233\" height=\"1853\" src=\"https:\/\/sites.ac-corse.fr\/education-musicale\/wp-content\/uploads\/sites\/31\/2024\/05\/Muvrini.jpg\" alt=\"\" class=\"wp-image-829 size-full\"\/><\/figure><div class=\"wp-block-media-text__content\">\n<p><strong>28 Mai :<\/strong> Concert de 350 \u00e9l\u00e8ves de 15 coll\u00e8ges corses avec le groupe I Muvrini et le ch\u0153ur des professeurs de l&rsquo;Acad\u00e9mie de Corse &#8211; Ajaccio<\/p>\n<\/div><\/div>\n\n\n\n<div class=\"wp-block-media-text has-media-on-the-right is-stacked-on-mobile\" style=\"grid-template-columns:auto 32%\"><div class=\"wp-block-media-text__content\">\n<p><strong>31 Mai : <\/strong>Concert des chanteurs et instrumentistes du coll\u00e8ge et du Lyc\u00e9e Saint Paul &#8211; Ajaccio<\/p>\n<\/div><figure class=\"wp-block-media-text__media\"><img loading=\"lazy\" decoding=\"async\" width=\"1080\" height=\"1080\" src=\"https:\/\/sites.ac-corse.fr\/education-musicale\/wp-content\/uploads\/sites\/31\/2024\/05\/Saint-Paul.png\" alt=\"\" class=\"wp-image-830 size-full\"\/><\/figure><\/div>\n\n\n\n<div class=\"wp-block-media-text is-stacked-on-mobile\" style=\"grid-template-columns:32% auto\"><figure class=\"wp-block-media-text__media\"><img loading=\"lazy\" decoding=\"async\" width=\"1587\" height=\"2245\" src=\"https:\/\/sites.ac-corse.fr\/education-musicale\/wp-content\/uploads\/sites\/31\/2024\/05\/Corte-montesoro-Cervione-et-Saint-Joseph.png\" alt=\"\" class=\"wp-image-831 size-full\"\/><\/figure><div class=\"wp-block-media-text__content\">\n<p><strong>3 Juin :<\/strong> Concert de la rencontre des Chorales de Corte, Montesoro, Cervione et Saint-Joseph. En 1\u00e8re partie : le ch\u0153ur des professeurs de l&rsquo;Acad\u00e9mie de Corse &#8211; Bastia<\/p>\n<\/div><\/div>\n\n\n\n<div class=\"wp-block-media-text has-media-on-the-right is-stacked-on-mobile\" style=\"grid-template-columns:auto 32%\"><div class=\"wp-block-media-text__content\">\n<p>Du <strong>3 au 7 juin<\/strong> : S\u00e9jour \u00e0 Olmi-Cappella de la Chorale du coll\u00e8ge Orabona de Calvi. Concert le 7 juin au th\u00e9\u00e2tre de l\u2019ARIA<\/p>\n\n\n\n<p>Concert dans l\u2019\u00e9tablissement (date \u00e0 pr\u00e9ciser)&nbsp;<\/p>\n\n\n\n<p><strong>21 Juin :<\/strong> Concert pour la f\u00eate de la musique \u00e0 Calvi sur la grande sc\u00e8ne \u00e0 21h00.<\/p>\n\n\n\n<p><\/p>\n\n\n\n<p><\/p>\n\n\n\n<p><\/p>\n<\/div><figure class=\"wp-block-media-text__media\"><img loading=\"lazy\" decoding=\"async\" width=\"299\" height=\"168\" src=\"https:\/\/sites.ac-corse.fr\/education-musicale\/wp-content\/uploads\/sites\/31\/2024\/05\/Calvi.jpg\" alt=\"\" class=\"wp-image-832 size-full\"\/><\/figure><\/div>\n\n\n\n<div class=\"wp-block-media-text is-stacked-on-mobile\" style=\"grid-template-columns:33% auto\"><figure class=\"wp-block-media-text__media\"><img loading=\"lazy\" decoding=\"async\" width=\"1638\" height=\"2048\" src=\"https:\/\/sites.ac-corse.fr\/education-musicale\/wp-content\/uploads\/sites\/31\/2024\/05\/Jeanne-DArc-et-Giraud-2.jpg\" alt=\"\" class=\"wp-image-840 size-full\"\/><\/figure><div class=\"wp-block-media-text__content\">\n<p><strong>10 Juin :<\/strong> Concert de la rencontre des chorales des coll\u00e8ges de Jeanne d&rsquo;Arc et de Giraud. \u00e0 20h30 \u00e0 L&rsquo;Alb&rsquo;Oru \u00e0 Bastia. 20h30.<\/p>\n<\/div><\/div>\n\n\n<div class=\"taxonomy-category wp-block-post-terms\"><a href=\"https:\/\/sites.ac-corse.fr\/education-musicale\/category\/accueil\/\" rel=\"tag\">Accueil<\/a><span class=\"wp-block-post-terms__separator\">, <\/span><a href=\"https:\/\/sites.ac-corse.fr\/education-musicale\/category\/actualites-academiques\/\" rel=\"tag\">Actualit\u00e9s Acad\u00e9miques<\/a><span class=\"wp-block-post-terms__separator\">, <\/span><a href=\"https:\/\/sites.ac-corse.fr\/education-musicale\/category\/chorale\/\" rel=\"tag\">Chorale<\/a><\/div>","protected":false},"excerpt":{"rendered":"<p>Comme chaque ann\u00e9e, les chorales scolaires font leur festival et proposent des concerts sur toute la Corse. De Bastia \u00e0 Ajaccio en passant par Corte, Calvi, Porto-Vecchio (&#8230;), venez applaudir nos \u00e9l\u00e8ves ! 16 Mai : Concert des \u00e9l\u00e8ves d&rsquo;Option Musique du Lyc\u00e9e Jeanne d&rsquo;Arc &#8211; Bastia 28 Mai : Concert de 350 \u00e9l\u00e8ves de [&hellip;]<\/p>\n","protected":false},"author":83,"featured_media":0,"comment_status":"closed","ping_status":"closed","sticky":false,"template":"","format":"standard","meta":{"footnotes":""},"categories":[5,7,18],"tags":[38,39],"class_list":["post-827","post","type-post","status-publish","format-standard","hentry","category-accueil","category-actualites-academiques","category-chorale","tag-chorales","tag-festival-academique"],"_links":{"self":[{"href":"https:\/\/sites.ac-corse.fr\/education-musicale\/wp-json\/wp\/v2\/posts\/827","targetHints":{"allow":["GET"]}}],"collection":[{"href":"https:\/\/sites.ac-corse.fr\/education-musicale\/wp-json\/wp\/v2\/posts"}],"about":[{"href":"https:\/\/sites.ac-corse.fr\/education-musicale\/wp-json\/wp\/v2\/types\/post"}],"author":[{"embeddable":true,"href":"https:\/\/sites.ac-corse.fr\/education-musicale\/wp-json\/wp\/v2\/users\/83"}],"replies":[{"embeddable":true,"href":"https:\/\/sites.ac-corse.fr\/education-musicale\/wp-json\/wp\/v2\/comments?post=827"}],"version-history":[{"count":3,"href":"https:\/\/sites.ac-corse.fr\/education-musicale\/wp-json\/wp\/v2\/posts\/827\/revisions"}],"predecessor-version":[{"id":841,"href":"https:\/\/sites.ac-corse.fr\/education-musicale\/wp-json\/wp\/v2\/posts\/827\/revisions\/841"}],"wp:attachment":[{"href":"https:\/\/sites.ac-corse.fr\/education-musicale\/wp-json\/wp\/v2\/media?parent=827"}],"wp:term":[{"taxonomy":"category","embeddable":true,"href":"https:\/\/sites.ac-corse.fr\/education-musicale\/wp-json\/wp\/v2\/categories?post=827"},{"taxonomy":"post_tag","embeddable":true,"href":"https:\/\/sites.ac-corse.fr\/education-musicale\/wp-json\/wp\/v2\/tags?post=827"}],"curies":[{"name":"wp","href":"https:\/\/api.w.org\/{rel}","templated":true}]}}