{"id":244,"date":"2016-01-11T11:09:00","date_gmt":"2016-01-11T10:09:00","guid":{"rendered":"https:\/\/sites.ac-corse.fr\/eps\/2016\/01\/11\/evaluation-des-acquis-scolaires-des-eleves-a-lecole-et-au-college-livret-scolaire\/"},"modified":"2022-12-03T09:24:36","modified_gmt":"2022-12-03T08:24:36","slug":"evaluation-des-acquis-scolaires-des-eleves-a-lecole-et-au-college-livret-scolaire","status":"publish","type":"post","link":"https:\/\/sites.ac-corse.fr\/eps\/2016\/01\/11\/evaluation-des-acquis-scolaires-des-eleves-a-lecole-et-au-college-livret-scolaire\/","title":{"rendered":"\u00c9valuation des acquis scolaires des \u00e9l\u00e8ves \u00e0 l&rsquo;\u00e9cole et au coll\u00e8ge &#8211; Livret scolaire"},"content":{"rendered":"<p>Pris en application des dispositions de la loi d&rsquo;orientation et de programmation pour la refondation de l&rsquo;\u00e9cole de la R\u00e9publique, ce d\u00e9cret et ces arr\u00eat\u00e9s visent \u00e0 faire \u00e9voluer et \u00e0 diversifier les modalit\u00e9s de notation et d&rsquo;\u00e9valuation des \u00e9l\u00e8ves de l&rsquo;\u00e9cole primaire et du coll\u00e8ge.<\/p>\n<p>L&rsquo;objectif est d&rsquo;\u00e9viter une \u00ab\u00a0notation-sanction\u00a0\u00bb \u00e0 faible valeur p\u00e9dagogique et privil\u00e9gier une \u00e9valuation positive, simple et lisible, valorisant les progr\u00e8s, encourageant les initiatives et compr\u00e9hensible par les familles.<\/p>\n<p>L&rsquo;\u00e9valuation doit aussi permettre de mesurer le degr\u00e9 d&rsquo;acquisition des connaissances et des comp\u00e9tences ainsi que la progression de l&rsquo;\u00e9l\u00e8ve.<\/p>\n<p>Ces textes d\u00e9finissent \u00e9galement les modalit\u00e9s d&rsquo;attribution du dipl\u00f4me national du brevet ainsi que le livret scolaire de la scolarit\u00e9 obligatoire qui remplace le livret personnel de comp\u00e9tences.<\/p>\n<p><a href=\"https:\/\/sites.ac-corse.fr\/eps\/wp-content\/uploads\/sites\/24\/2022\/11\/contenu_livret_scolaire_elementaire_college.pdf\" target=\"_blank\" rel=\"noopener\">Contenu du livret scolaire de l\u2019\u00e9cole \u00e9l\u00e9mentaire et du coll\u00e8ge<\/a><\/p>\n<p><a href=\"https:\/\/sites.ac-corse.fr\/eps\/wp-content\/uploads\/sites\/24\/2022\/11\/acquis_scolaires_maternelle.pdf\" target=\"_blank\" rel=\"noopener\">Synth\u00e8se des acquis scolaires de l\u2019\u00e9l\u00e8ve \u00e0 l\u2019issue de la derni\u00e8re ann\u00e9e de scolarit\u00e9 \u00e0 l\u2019\u00e9cole maternelle<\/a><\/p>\n<p><a href=\"https:\/\/sites.ac-corse.fr\/eps\/wp-content\/uploads\/sites\/24\/2022\/11\/evaluation_acquis-scolaires.pdf\" target=\"_blank\" rel=\"noopener\">Evaluation des acquis scolaires des \u00e9l\u00e8ves et livret scolaire, \u00e0 l\u2019\u00e9cole et au coll\u00e8ge<\/a><\/p>\n<p><a href=\"https:\/\/sites.ac-corse.fr\/eps\/wp-content\/uploads\/sites\/24\/2022\/11\/attribution_dnb.pdf\" target=\"_blank\" rel=\"noopener\">Modalit\u00e9s d\u2019attribution du dipl\u00f4me national du brevet<\/a><\/p>\n","protected":false},"excerpt":{"rendered":"<p>Pris en application des dispositions de la loi d&rsquo;orientation et de programmation pour la refondation de l&rsquo;\u00e9cole de la R\u00e9publique, ce d\u00e9cret et ces arr\u00eat\u00e9s visent \u00e0 faire \u00e9voluer et \u00e0 diversifier les modalit\u00e9s de notation et d&rsquo;\u00e9valuation des \u00e9l\u00e8ves de l&rsquo;\u00e9cole primaire et du coll\u00e8ge. L&rsquo;objectif est d&rsquo;\u00e9viter une \u00ab\u00a0notation-sanction\u00a0\u00bb \u00e0 faible valeur p\u00e9dagogique [&hellip;]<\/p>\n","protected":false},"author":70,"featured_media":1689,"comment_status":"closed","ping_status":"closed","sticky":false,"template":"","format":"standard","meta":{"footnotes":""},"categories":[5,7],"tags":[],"class_list":["post-244","post","type-post","status-publish","format-standard","has-post-thumbnail","hentry","category-actualites","category-college"],"_links":{"self":[{"href":"https:\/\/sites.ac-corse.fr\/eps\/wp-json\/wp\/v2\/posts\/244","targetHints":{"allow":["GET"]}}],"collection":[{"href":"https:\/\/sites.ac-corse.fr\/eps\/wp-json\/wp\/v2\/posts"}],"about":[{"href":"https:\/\/sites.ac-corse.fr\/eps\/wp-json\/wp\/v2\/types\/post"}],"author":[{"embeddable":true,"href":"https:\/\/sites.ac-corse.fr\/eps\/wp-json\/wp\/v2\/users\/70"}],"replies":[{"embeddable":true,"href":"https:\/\/sites.ac-corse.fr\/eps\/wp-json\/wp\/v2\/comments?post=244"}],"version-history":[{"count":2,"href":"https:\/\/sites.ac-corse.fr\/eps\/wp-json\/wp\/v2\/posts\/244\/revisions"}],"predecessor-version":[{"id":3306,"href":"https:\/\/sites.ac-corse.fr\/eps\/wp-json\/wp\/v2\/posts\/244\/revisions\/3306"}],"wp:featuredmedia":[{"embeddable":true,"href":"https:\/\/sites.ac-corse.fr\/eps\/wp-json\/wp\/v2\/media\/1689"}],"wp:attachment":[{"href":"https:\/\/sites.ac-corse.fr\/eps\/wp-json\/wp\/v2\/media?parent=244"}],"wp:term":[{"taxonomy":"category","embeddable":true,"href":"https:\/\/sites.ac-corse.fr\/eps\/wp-json\/wp\/v2\/categories?post=244"},{"taxonomy":"post_tag","embeddable":true,"href":"https:\/\/sites.ac-corse.fr\/eps\/wp-json\/wp\/v2\/tags?post=244"}],"curies":[{"name":"wp","href":"https:\/\/api.w.org\/{rel}","templated":true}]}}