{"id":4395,"date":"2023-06-23T10:57:02","date_gmt":"2023-06-23T08:57:02","guid":{"rendered":"https:\/\/sites.ac-corse.fr\/eps\/?p=4395"},"modified":"2023-06-23T23:16:42","modified_gmt":"2023-06-23T21:16:42","slug":"les-emotions-des-eleves-intervention-de-jerome-visioli-22-juin-2023","status":"publish","type":"post","link":"https:\/\/sites.ac-corse.fr\/eps\/2023\/06\/23\/les-emotions-des-eleves-intervention-de-jerome-visioli-22-juin-2023\/","title":{"rendered":"Les \u00e9motions des \u00e9l\u00e8ves &#8211; Intervention de J\u00e9rome VISIOLI &#8211; 22 juin 2023"},"content":{"rendered":"\n<blockquote class=\"wp-block-quote is-layout-flow wp-block-quote-is-layout-flow\">\n<p>Dans le prolongement de la formation initi\u00e9e l\u2019ann\u00e9e derni\u00e8re sur \u00ab\u00a0l\u2019\u00e9ducation \u00e0 la sant\u00e9\u00a0\u00bb , les enseignants d&rsquo;EPS de l&rsquo;acad\u00e9mie de Corse ont pu b\u00e9n\u00e9ficier d&rsquo;une conf\u00e9rence en visio anim\u00e9e par  M. J\u00e9r\u00f4me VISIOLI, enseignant agr\u00e9g\u00e9 et docteur en sciences de l\u2019\u00e9ducation UFRSTAPS, universit\u00e9 Rennes sur le th\u00e8me des \u00ab comp\u00e9tences \u00e9motionnelles\u00a0\u00bb.<\/p>\n\n\n\n<p>Les \u00e9motions sont omnipr\u00e9sentes \u00e0 l\u2019\u00e9cole dans les comportements, les relations,&nbsp;mais aussi les apprentissages, c\u2019est ce dernier point qui nous int\u00e9ressera en particulier et notamment en EPS.<\/p>\n\n\n\n<p>Les difficult\u00e9s d\u2019apprentissage ne reposent pas toujours sur des probl\u00e8mes de compr\u00e9hension, mais aussi sur des r\u00e9sistances affectives, les APSA par la richesse des exp\u00e9riences motrices et sociales qu\u2019elles suscitent nous invitent \u00e0 faire des \u00e9motions un v\u00e9ritable sujet \u00e9ducatif au service des apprentissages.<\/p>\n\n\n\n<p>Comment construire et proposer volontairement des contextes \u00e9motionnels aux \u00e9l\u00e8ves et qui engageront les \u00e9l\u00e8ves \u00e0 se d\u00e9passer pour apprendre (situations de confort ou d\u2019inconfort par ailleurs\u2026) ?<\/p>\n\n\n\n<p>Comment mettre en place une didactique des \u00e9motions en EPS ?<\/p>\n\n\n\n<p>Quels liens avec la sant\u00e9, le bien-\u00eatre et les comp\u00e9tences psychosociales ?<\/p>\n\n\n\n<p>Des ateliers \u00e0 partir de questions vives sur ces probl\u00e9matiques ont permis de poursuivre les \u00e9changes l&rsquo;apr\u00e8s-midi.<\/p>\n\n\n\n<p>Ci-dessous : le diaporama et le lien vers les ressources de la journ\u00e9e dans l&rsquo;espace ENT BLOG FC leia :  <a href=\"https:\/\/leia.itslearning.com\/ContentArea\/ContentArea.aspx?LocationID=62005&amp;LocationType=1\" target=\"_blank\" rel=\"noreferrer noopener\">https:\/\/leia.itslearning.com\/ContentArea\/ContentArea.aspx?LocationID=62005&amp;LocationType=1<\/a><\/p>\n\n\n\n<p><\/p>\n\n\n\n<div\n    class='wp-block-pdfp-pdf-poster  alignnone'\n    id='block-1'\n    data-attributes='{&quot;file&quot;:&quot;https:\\\/\\\/sites.ac-corse.fr\\\/eps\\\/wp-content\\\/uploads\\\/sites\\\/24\\\/2023\\\/06\\\/Les-emotions-des-eleves.-J.VISIOLI-pdf.pdf&quot;,&quot;align&quot;:&quot;none&quot;,&quot;alignment&quot;:&quot;left&quot;,&quot;title&quot;:&quot;&quot;,&quot;titleFontSize&quot;:&quot;16px&quot;,&quot;height&quot;:{&quot;desktop&quot;:&quot;840px&quot;,&quot;tablet&quot;:&quot;700px&quot;,&quot;mobile&quot;:&quot;400px&quot;},&quot;width&quot;:{&quot;desktop&quot;:&quot;100%&quot;,&quot;tablet&quot;:&quot;100%&quot;,&quot;mobile&quot;:&quot;100%&quot;},&quot;showName&quot;:false,&quot;print&quot;:false,&quot;onlyPDF&quot;:false,&quot;defaultBrowser&quot;:false,&quot;downloadButton&quot;:false,&quot;downloadButtonText&quot;:&quot;Download File&quot;,&quot;fullscreenButton&quot;:true,&quot;fullscreenButtonText&quot;:&quot;View Fullscreen&quot;,&quot;actionsPosition&quot;:&quot;top&quot;,&quot;newWindow&quot;:false,&quot;protect&quot;:false,&quot;thumbMenu&quot;:false,&quot;sidebarOpen&quot;:false,&quot;initialPage&quot;:0,&quot;alert&quot;:false,&quot;lastVersion&quot;:false,&quot;hrScroll&quot;:false,&quot;isHideRightToolbar&quot;:false,&quot;additional&quot;:{&quot;ID&quot;:&quot;&quot;,&quot;Class&quot;:&quot;&quot;,&quot;CSS&quot;:&quot;&quot;},&quot;adobeEmbedder&quot;:false,&quot;adobeOptions&quot;:{&quot;showDownloadPDF&quot;:true,&quot;showPrintPDF&quot;:true,&quot;showAnnotationTools&quot;:true,&quot;showFullScreen&quot;:false,&quot;embedMode&quot;:&quot;SIZED_CONTAINER&quot;},&quot;popupOptions&quot;:{&quot;enabled&quot;:false,&quot;triggerType&quot;:&quot;button&quot;,&quot;image&quot;:&quot;&quot;,&quot;imagePdfIcon&quot;:true,&quot;imageHeight&quot;:&quot;200px&quot;,&quot;imageWidth&quot;:&quot;300px&quot;,&quot;text&quot;:&quot;Open PDF&quot;,&quot;btnStyle&quot;:{&quot;background&quot;:&quot;#2271b1&quot;,&quot;color&quot;:&quot;#fff&quot;,&quot;fontSize&quot;:&quot;16px&quot;,&quot;padding&quot;:{&quot;top&quot;:10,&quot;right&quot;:20,&quot;bottom&quot;:10,&quot;left&quot;:10}}},&quot;popupBtnStyle&quot;:{&quot;background&quot;:&quot;#2271b1&quot;,&quot;color&quot;:&quot;#fff&quot;,&quot;padding&quot;:{&quot;top&quot;:10,&quot;right&quot;:20,&quot;bottom&quot;:10,&quot;left&quot;:10}},&quot;popupBtnText&quot;:&quot;Open Document&quot;,&quot;CSS&quot;:&quot;&quot;,&quot;socialShare&quot;:{&quot;enabled&quot;:false,&quot;facebook&quot;:true,&quot;twitter&quot;:true,&quot;linkedin&quot;:true,&quot;pinterest&quot;:true,&quot;position&quot;:&quot;top&quot;},&quot;isPremium&quot;:false}'\n    style=\"text-align: left\">\n            <div class=\"pdfp_loading_placeholder\" style=\"height: 840px; width: 100%; display: flex; align-items: center; justify-content: center; background: #f5f5f5; border: 1px solid #ddd;\">\n             <p>Loading Viewer&#8230;<\/p>\n        <\/div>\n    <\/div>\n<\/blockquote>\n\n\n<a class=\"wp-block-read-more\" href=\"https:\/\/sites.ac-corse.fr\/eps\/2023\/06\/23\/les-emotions-des-eleves-intervention-de-jerome-visioli-22-juin-2023\/\" target=\"_self\">Lire la suite<span class=\"screen-reader-text\">\u00a0: Les \u00e9motions des \u00e9l\u00e8ves &#8211; Intervention de J\u00e9rome VISIOLI &#8211; 22 juin 2023<\/span><\/a>","protected":false},"excerpt":{"rendered":"","protected":false},"author":70,"featured_media":4406,"comment_status":"closed","ping_status":"closed","sticky":false,"template":"","format":"standard","meta":{"footnotes":""},"categories":[5],"tags":[],"class_list":["post-4395","post","type-post","status-publish","format-standard","has-post-thumbnail","hentry","category-actualites"],"_links":{"self":[{"href":"https:\/\/sites.ac-corse.fr\/eps\/wp-json\/wp\/v2\/posts\/4395","targetHints":{"allow":["GET"]}}],"collection":[{"href":"https:\/\/sites.ac-corse.fr\/eps\/wp-json\/wp\/v2\/posts"}],"about":[{"href":"https:\/\/sites.ac-corse.fr\/eps\/wp-json\/wp\/v2\/types\/post"}],"author":[{"embeddable":true,"href":"https:\/\/sites.ac-corse.fr\/eps\/wp-json\/wp\/v2\/users\/70"}],"replies":[{"embeddable":true,"href":"https:\/\/sites.ac-corse.fr\/eps\/wp-json\/wp\/v2\/comments?post=4395"}],"version-history":[{"count":6,"href":"https:\/\/sites.ac-corse.fr\/eps\/wp-json\/wp\/v2\/posts\/4395\/revisions"}],"predecessor-version":[{"id":4409,"href":"https:\/\/sites.ac-corse.fr\/eps\/wp-json\/wp\/v2\/posts\/4395\/revisions\/4409"}],"wp:featuredmedia":[{"embeddable":true,"href":"https:\/\/sites.ac-corse.fr\/eps\/wp-json\/wp\/v2\/media\/4406"}],"wp:attachment":[{"href":"https:\/\/sites.ac-corse.fr\/eps\/wp-json\/wp\/v2\/media?parent=4395"}],"wp:term":[{"taxonomy":"category","embeddable":true,"href":"https:\/\/sites.ac-corse.fr\/eps\/wp-json\/wp\/v2\/categories?post=4395"},{"taxonomy":"post_tag","embeddable":true,"href":"https:\/\/sites.ac-corse.fr\/eps\/wp-json\/wp\/v2\/tags?post=4395"}],"curies":[{"name":"wp","href":"https:\/\/api.w.org\/{rel}","templated":true}]}}