{"id":227,"date":"2020-03-04T15:21:00","date_gmt":"2020-03-04T14:21:00","guid":{"rendered":"https:\/\/sites.ac-corse.fr\/histgeo\/2020\/03\/04\/formation-histoire-moderne-corte-03-mars-2020\/"},"modified":"2022-07-25T11:43:00","modified_gmt":"2022-07-25T09:43:00","slug":"formation-histoire-moderne-corte-03-mars-2020","status":"publish","type":"post","link":"https:\/\/sites.ac-corse.fr\/histgeo\/2020\/03\/04\/formation-histoire-moderne-corte-03-mars-2020\/","title":{"rendered":"Formation histoire moderne Corte 03 mars 2020"},"content":{"rendered":"<p>Les ressources et les <b>diaporamas<\/b> pr\u00e9sent\u00e9s par <b> M. P-Y Beaurepaire<\/b> lors du stage de formation continue du 03 mars \u00e0 Corte <b>sont \u00e0 disposition<\/b> <b>sur LEIA<\/b> dans l&rsquo;espace de mutualisation des enseignants d&rsquo;histoire-g\u00e9ographie.<\/p>\n<p>Parmi les ressources utilis\u00e9es voici quelques liens accessibles via <a class=\"link\" href=\"https:\/\/cas.edutheque.cndp.fr\/login?service=https%3A%2F%2Fwww.edutheque.fr%2Futiliser%2Farts-et-lettres%2Fpartenaire%2Frmn-gp-mcc-lhistoire-par-limage.html%3Flogintype%3Dlogin\">Eduth\u00e8que<\/a> sur le site <b>L&rsquo;histoire par l&rsquo;image<\/b><\/p>\n<p><a class=\"link\" href=\"http:\/\/www.histoire-image.org\/fr\/etudes\/salons-xviiie-siecle\">Les salons au XVIII\u00e8me si\u00e8cle<\/a><\/p>\n<p><a class=\"link\" href=\"http:\/\/www.histoire-image.org\/fr\/etudes\/affaire-calas\">L&rsquo;affaire Calas<\/a><\/p>\n<p><a class=\"link\" href=\"http:\/\/www.histoire-image.org\/fr\/etudes\/jesuites-francs-macons\">Les j\u00e9suites chez les francs-ma\u00e7ons<\/a><\/p>\n<p>Vous trouverez aussi des illustrations utilisables en classe dans le respect de la l\u00e9gislation sur le site <a class=\"link\" href=\"https:\/\/www.europeana.eu\/portal\/fr\">EUROPEANA<\/a> qui mentionne tr\u00e8s clairement les conditions juridiques de l&rsquo;utilisation des images et documents propos\u00e9s par des institutions culturelles europ\u00e9ennes. <br \/>Vous trouverez <a class=\"link\" href=\"https:\/\/www.europeana.eu\/portal\/fr\/record\/9200520\/ark__12148_bpt6k824188.html?q=brissot#rp=2\">ICI<\/a> un exemple<br \/>\nhttps:\/\/sites.ac-corse.fr\/wp-content\/uploads\/sites\/16\/photo\/art\/default\/1017501-1284372.jpg<\/p>\n","protected":false},"excerpt":{"rendered":"<p>Les ressources et les diaporamas pr\u00e9sent\u00e9s par M. P-Y Beaurepaire lors du stage de formation continue du 03 mars \u00e0 Corte sont \u00e0 disposition sur LEIA dans l&rsquo;espace de mutualisation des enseignants d&rsquo;histoire-g\u00e9ographie. Parmi les ressources utilis\u00e9es voici quelques liens accessibles via Eduth\u00e8que sur le site L&rsquo;histoire par l&rsquo;image Les salons au XVIII\u00e8me si\u00e8cle L&rsquo;affaire [&hellip;]<\/p>\n","protected":false},"author":58,"featured_media":0,"comment_status":"closed","ping_status":"open","sticky":false,"template":"","format":"standard","meta":{"footnotes":""},"categories":[1],"tags":[],"class_list":["post-227","post","type-post","status-publish","format-standard","hentry","category-non-classe"],"_links":{"self":[{"href":"https:\/\/sites.ac-corse.fr\/histgeo\/wp-json\/wp\/v2\/posts\/227","targetHints":{"allow":["GET"]}}],"collection":[{"href":"https:\/\/sites.ac-corse.fr\/histgeo\/wp-json\/wp\/v2\/posts"}],"about":[{"href":"https:\/\/sites.ac-corse.fr\/histgeo\/wp-json\/wp\/v2\/types\/post"}],"author":[{"embeddable":true,"href":"https:\/\/sites.ac-corse.fr\/histgeo\/wp-json\/wp\/v2\/users\/58"}],"replies":[{"embeddable":true,"href":"https:\/\/sites.ac-corse.fr\/histgeo\/wp-json\/wp\/v2\/comments?post=227"}],"version-history":[{"count":1,"href":"https:\/\/sites.ac-corse.fr\/histgeo\/wp-json\/wp\/v2\/posts\/227\/revisions"}],"predecessor-version":[{"id":542,"href":"https:\/\/sites.ac-corse.fr\/histgeo\/wp-json\/wp\/v2\/posts\/227\/revisions\/542"}],"wp:attachment":[{"href":"https:\/\/sites.ac-corse.fr\/histgeo\/wp-json\/wp\/v2\/media?parent=227"}],"wp:term":[{"taxonomy":"category","embeddable":true,"href":"https:\/\/sites.ac-corse.fr\/histgeo\/wp-json\/wp\/v2\/categories?post=227"},{"taxonomy":"post_tag","embeddable":true,"href":"https:\/\/sites.ac-corse.fr\/histgeo\/wp-json\/wp\/v2\/tags?post=227"}],"curies":[{"name":"wp","href":"https:\/\/api.w.org\/{rel}","templated":true}]}}