{"id":229,"date":"2019-09-26T19:12:00","date_gmt":"2019-09-26T17:12:00","guid":{"rendered":"https:\/\/sites.ac-corse.fr\/histgeo\/2019\/09\/26\/les-lecons-de-lhistoire-avec-m-patrick-boucheron-les-04-et-05-octobre-2019\/"},"modified":"2019-09-26T19:12:00","modified_gmt":"2019-09-26T17:12:00","slug":"les-lecons-de-lhistoire-avec-m-patrick-boucheron-les-04-et-05-octobre-2019","status":"publish","type":"post","link":"https:\/\/sites.ac-corse.fr\/histgeo\/2019\/09\/26\/les-lecons-de-lhistoire-avec-m-patrick-boucheron-les-04-et-05-octobre-2019\/","title":{"rendered":"Les le\u00e7ons de l&rsquo;Histoire avec M. Patrick BOUCHERON les 04 et 05 octobre 2019"},"content":{"rendered":"<p>Pour sa session d&rsquo;octobre la Chaire Esprit M\u00e9diterran\u00e9en Paul Val\u00e9ry de l&rsquo;Universit\u00e9 de Corse est confi\u00e9e \u00e0 <b>Patrick BOUCHERON, professeur au Coll\u00e8ge de France<\/b>, qui donnera une conf\u00e9rence sur <span style=\"font-style:italic\">Le r\u00f4le de l&rsquo;historien dans la cit\u00e9<\/span> <b>vendredi 04 octobre 2019 \u00e0 14 h \u00e0 Corte au Campus Mariani <\/b><br \/>L&rsquo;exposition sur les lieux de m\u00e9moire de la Corse m\u00e9di\u00e9vale r\u00e9alis\u00e9e par Mme V. Marchi van Cauwelaert et M. J-A Cancellieri sera pr\u00e9sent\u00e9e au public \u00e0 18h dans le B\u00e2timent Edmond Simeoni \u00e0 Corte.<\/p>\n<p><b>Samedi 05 octobre \u00e0 18h<\/b> Le Mus\u00e9e de Bastia en partenariat avec la Soci\u00e9t\u00e9 Dante Alighieri accueillera <b>M. P. Boucheron<\/b> pour une <b>conf\u00e9rence sur La force politique des images <\/b><\/p>\n<p>La pr\u00e9sentation de ces \u00e9v\u00e8nements est \u00e0 t\u00e9l\u00e9charger ci-dessous<br \/>\nhttps:\/\/sites.ac-corse.fr\/wp-content\/uploads\/sites\/16\/photo\/art\/default\/1016766-1282844.jpg<\/p>\n","protected":false},"excerpt":{"rendered":"<p>Pour sa session d&rsquo;octobre la Chaire Esprit M\u00e9diterran\u00e9en Paul Val\u00e9ry de l&rsquo;Universit\u00e9 de Corse est confi\u00e9e \u00e0 Patrick BOUCHERON, professeur au Coll\u00e8ge de France, qui donnera une conf\u00e9rence sur Le r\u00f4le de l&rsquo;historien dans la cit\u00e9 vendredi 04 octobre 2019 \u00e0 14 h \u00e0 Corte au Campus Mariani L&rsquo;exposition sur les lieux de m\u00e9moire de [&hellip;]<\/p>\n","protected":false},"author":1,"featured_media":0,"comment_status":"closed","ping_status":"open","sticky":false,"template":"","format":"standard","meta":{"footnotes":""},"categories":[],"tags":[],"class_list":["post-229","post","type-post","status-publish","format-standard","hentry"],"_links":{"self":[{"href":"https:\/\/sites.ac-corse.fr\/histgeo\/wp-json\/wp\/v2\/posts\/229","targetHints":{"allow":["GET"]}}],"collection":[{"href":"https:\/\/sites.ac-corse.fr\/histgeo\/wp-json\/wp\/v2\/posts"}],"about":[{"href":"https:\/\/sites.ac-corse.fr\/histgeo\/wp-json\/wp\/v2\/types\/post"}],"author":[{"embeddable":true,"href":"https:\/\/sites.ac-corse.fr\/histgeo\/wp-json\/wp\/v2\/users\/1"}],"replies":[{"embeddable":true,"href":"https:\/\/sites.ac-corse.fr\/histgeo\/wp-json\/wp\/v2\/comments?post=229"}],"version-history":[{"count":0,"href":"https:\/\/sites.ac-corse.fr\/histgeo\/wp-json\/wp\/v2\/posts\/229\/revisions"}],"wp:attachment":[{"href":"https:\/\/sites.ac-corse.fr\/histgeo\/wp-json\/wp\/v2\/media?parent=229"}],"wp:term":[{"taxonomy":"category","embeddable":true,"href":"https:\/\/sites.ac-corse.fr\/histgeo\/wp-json\/wp\/v2\/categories?post=229"},{"taxonomy":"post_tag","embeddable":true,"href":"https:\/\/sites.ac-corse.fr\/histgeo\/wp-json\/wp\/v2\/tags?post=229"}],"curies":[{"name":"wp","href":"https:\/\/api.w.org\/{rel}","templated":true}]}}