{"id":1922,"date":"2026-04-09T08:37:54","date_gmt":"2026-04-09T06:37:54","guid":{"rendered":"https:\/\/sites.ac-corse.fr\/lettres\/?p=1922"},"modified":"2026-04-09T08:39:56","modified_gmt":"2026-04-09T06:39:56","slug":"cet-ete-je-lis","status":"publish","type":"post","link":"https:\/\/sites.ac-corse.fr\/lettres\/2026\/04\/09\/cet-ete-je-lis\/","title":{"rendered":"Cet \u00e9t\u00e9, je lis&#8230; \u00a0\u00bb Les M\u00e9tamorphoses \u00a0\u00bb d&rsquo; Ovide"},"content":{"rendered":"\n<figure class=\"wp-block-image size-full is-resized\"><a href=\"https:\/\/www.education.gouv.fr\/cet-ete-je-lis-450312\"><img loading=\"lazy\" decoding=\"async\" width=\"1800\" height=\"1013\" src=\"https:\/\/sites.ac-corse.fr\/lettres\/wp-content\/uploads\/sites\/20\/2025\/06\/cet-t-je-lis-2025-r-seaux-sociaux-227036.jpg\" alt=\"\" class=\"wp-image-1924\" style=\"width:194px;height:auto\" srcset=\"https:\/\/sites.ac-corse.fr\/lettres\/wp-content\/uploads\/sites\/20\/2025\/06\/cet-t-je-lis-2025-r-seaux-sociaux-227036.jpg 1800w, https:\/\/sites.ac-corse.fr\/lettres\/wp-content\/uploads\/sites\/20\/2025\/06\/cet-t-je-lis-2025-r-seaux-sociaux-227036-300x169.jpg 300w, https:\/\/sites.ac-corse.fr\/lettres\/wp-content\/uploads\/sites\/20\/2025\/06\/cet-t-je-lis-2025-r-seaux-sociaux-227036-1024x576.jpg 1024w, https:\/\/sites.ac-corse.fr\/lettres\/wp-content\/uploads\/sites\/20\/2025\/06\/cet-t-je-lis-2025-r-seaux-sociaux-227036-768x432.jpg 768w, https:\/\/sites.ac-corse.fr\/lettres\/wp-content\/uploads\/sites\/20\/2025\/06\/cet-t-je-lis-2025-r-seaux-sociaux-227036-1536x864.jpg 1536w\" sizes=\"auto, (max-width: 1800px) 100vw, 1800px\" \/><\/a><\/figure>\n\n\n\n<p>Petits et grands, cet \u00e9t\u00e9, on lit ? Un peu, beaucoup, passionn\u00e9ment, \u00e0 la plage, \u00e0 l\u2019ombre ou dans son lit. Pour s\u2019occuper et s\u2019\u00e9vader, pour s\u2019amuser, d\u00e9couvrir, r\u00eaver.<\/p>\n\n\n\n<h2 class=\"wp-block-heading\" id=\"edugouv-summary-item-8\">Cet \u00e9t\u00e9, je lis : quelques conseils autour de la lecture pour les familles<\/h2>\n\n\n\n<p>Parents, cet \u00e9t\u00e9 comme tout au long de l&rsquo;ann\u00e9e, accompagnez vos enfants dans leur d\u00e9couverte de la lecture. Vous cherchez des pistes ? Voici quelques conseils si vous en ressentez le besoin ou cherchez des id\u00e9es.<\/p>\n\n\n\n<h3 class=\"wp-block-heading\" id=\"edugouv-summary-item-9\">Les conditions de lecture<\/h3>\n\n\n\n<ul class=\"wp-block-list\">\n<li>Cr\u00e9ez<strong> un endroit calme propice \u00e0 la lecture et \u00e0 l\u2019\u00e9change<\/strong> : un coin lecture \u00e0 la maison, sur le balcon, au parc, dans le jardin, sous un parasol ou encore \u00e0 la plage. Il suffit de peu de choses : un coussin confortable, un petit go\u00fbter, etc.<\/li>\n\n\n\n<li>Organisez <strong>un moment privil\u00e9gi\u00e9 et partag\u00e9 o\u00f9 chacun est \u00e0 son aise <\/strong>et n&rsquo;est pas d\u00e9rang\u00e9 : le soir avant de se coucher, le matin au petit-d\u00e9jeuner, sur la plage au moment du go\u00fbter, etc.<\/li>\n\n\n\n<li>Instaurez<strong> une routine de lecture quotidienne<\/strong><\/li>\n\n\n\n<li>Mettez <strong>des livres \u00e0 la port\u00e9e de votre enfant<\/strong><\/li>\n\n\n\n<li><strong>Montrez l\u2019exemple<\/strong> : lisez vous-m\u00eames, allez ensemble \u00e0 la biblioth\u00e8que ou \u00e0 la librairie<\/li>\n<\/ul>\n\n\n\n<h3 class=\"wp-block-heading\" id=\"edugouv-summary-item-10\">Le choix du livre<\/h3>\n\n\n\n<ul class=\"wp-block-list\">\n<li>Laissez votre enfant <strong>choisir un livre ou choisissez-le ensemble<\/strong><\/li>\n\n\n\n<li><strong>Acceptez de relire une histoire <\/strong>d\u00e9j\u00e0 lue ensemble<\/li>\n\n\n\n<li><strong>Variez les lectures<\/strong> : histoire, album, livre de poche, bande dessin\u00e9e, documentaire, po\u00e9sie, journaux, etc.<\/li>\n\n\n\n<li>Proposez <strong>de temps en temps des livres que votre enfant ne lirait pas tout seul<\/strong> en lisant par exemple les premiers chapitres \u00e0 voix haute pour l\u2019accompagner et le lancer dans une lecture autonome<\/li>\n<\/ul>\n\n\n\n<p>Lecture pour tous : pour les enfants porteurs d\u2019une d\u00e9ficience visuelle et\/ou d\u2019un trouble cognitif, le site de la <a href=\"https:\/\/eole.avh.asso.fr\/\" target=\"_blank\" rel=\"noreferrer noopener\">m\u00e9diath\u00e8que Valentin Ha\u00fcy<\/a> permet de disposer gratuitement de livres adapt\u00e9s.<\/p>\n\n\n\n<h3 class=\"wp-block-heading\" id=\"edugouv-summary-item-11\">Le moment de lecture<\/h3>\n\n\n\n<ul class=\"wp-block-list\">\n<li><strong>Variez les lecteurs<\/strong> : les parents, les grands-parents, les copains, les fr\u00e8res et s\u0153urs, les animateurs, etc.<\/li>\n\n\n\n<li><strong>Lisez ensemble ou chacun votre tour <\/strong>si votre enfant le souhaite<\/li>\n\n\n\n<li><strong>Lisez \u00e0 voix haute avec expression<\/strong><\/li>\n\n\n\n<li><strong>Prenez le temps de vous immerger <\/strong>dans l\u2019univers de l\u2019auteur et des personnages, regardez les illustrations<\/li>\n<\/ul>\n\n\n\n<h3 class=\"wp-block-heading\" id=\"edugouv-summary-item-12\">Apr\u00e8s la lecture<\/h3>\n\n\n\n<ul class=\"wp-block-list\">\n<li><strong>Reparlez de l\u2019histoire <\/strong>et laissez votre enfant s&rsquo;exprimer : a-t-il aim\u00e9, eu peur, \u00e9t\u00e9 amus\u00e9, quel serait son avis sur la suite, etc.<\/li>\n\n\n\n<li><strong>Discutez avec votre enfant <\/strong>de ses envies de lecture et des livres qu&rsquo;il pourrait ensuite d\u00e9couvrir<\/li>\n<\/ul>\n\n\n\n<h2 class=\"wp-block-heading\" id=\"edugouv-summary-item-13\">Les partenaires de l\u2019op\u00e9ration<\/h2>\n\n\n\n<p>Plusieurs partenaires investis dans la promotion de la lecture s\u2019associent au minist\u00e8re charg\u00e9 de l\u2019\u00c9ducation nationale pour faire conna\u00eetre \u00ab\u00a0Cet \u00e9t\u00e9 je lis\u00a0\u00bb.<\/p>\n\n\n\n<h3 class=\"wp-block-heading\" id=\"edugouv-summary-item-14\">Les partenaires institutionnels<\/h3>\n\n\n\n<ul class=\"wp-block-list\">\n<li><a href=\"https:\/\/cnlj.bnf.fr\/\" target=\"_blank\" rel=\"noreferrer noopener\">Le Centre national de la litt\u00e9rature pour la jeunesse (CNLJ)<\/a><\/li>\n\n\n\n<li><a href=\"https:\/\/centrenationaldulivre.fr\/\" target=\"_blank\" rel=\"noreferrer noopener\">Le Centre national du livre<\/a><\/li>\n\n\n\n<li>FNAC<\/li>\n<\/ul>\n\n\n\n<p>D\u2019autres organismes prennent part \u00e0 cette grande op\u00e9ration consacr\u00e9e \u00e0 la lecture : la direction g\u00e9n\u00e9rale des m\u00e9dias et des industries culturelles, le Syndicat de la librairie fran\u00e7aise, le Syndicat national de l\u2019\u00e9dition, Le Printemps des po\u00e8tes, les Petits Champions de la lecture et les associations Lire et faire lire, Lecture jeunesse, Labo des histoires et Coup de Pouce.<\/p>\n\n\n\n<h3 class=\"wp-block-heading\" id=\"edugouv-summary-item-15\">Les partenaires relais<\/h3>\n\n\n\n<ul class=\"wp-block-list\">\n<li><a href=\"https:\/\/www.francetelevisions.fr\/\" target=\"_blank\" rel=\"noreferrer noopener\">France T\u00e9l\u00e9visions<\/a><\/li>\n\n\n\n<li><a href=\"https:\/\/www.radiofrance.fr\/\" target=\"_blank\" rel=\"noreferrer noopener\">Radio France<\/a><\/li>\n\n\n\n<li><a href=\"https:\/\/fondation.vinci-autoroutes.com\/\" target=\"_blank\" rel=\"noreferrer noopener\">Fondation Vinci Autoroutes<\/a><\/li>\n\n\n\n<li>Association des Maires de France (AMF)<\/li>\n\n\n\n<li><a href=\"https:\/\/www.fncp.fr\/\" target=\"_blank\" rel=\"noreferrer noopener\">La F\u00e9d\u00e9ration nationale des clubs de plage en partenariat avec le Journal de Mickey<\/a><\/li>\n\n\n\n<li><a href=\"https:\/\/fnhpa-pro.fr\/\" target=\"_blank\" rel=\"noreferrer noopener\">La F\u00e9d\u00e9ration nationale de l\u2019h\u00f4tellerie de plein air (FNHPA)<\/a><\/li>\n\n\n\n<li>McDonald\u2019s<\/li>\n<\/ul>\n\n\n\n<figure class=\"wp-block-image\"><img decoding=\"async\" src=\"https:\/\/www.education.gouv.fr\/sites\/default\/files\/styles\/embed_image\/public\/2025-05\/cet-t-je-lis-2025---partenaires-227201.jpg?itok=H5jQ4qdl\" alt=\"Cet \u00e9t\u00e9, je lis 2025 - Partenaires\"\/><\/figure>\n\n\n\n<p>Vous souhaitez vous aussi contribuer \u00e0 faire conna\u00eetre \u00ab\u00a0Cet \u00e9t\u00e9 je lis\u00a0\u00bb ? T\u00e9l\u00e9chargez et diffusez notre <a href=\"https:\/\/www.education.gouv.fr\/media\/227202\/download\" target=\"_blank\" rel=\"noreferrer noopener\">kit de communication<\/a> !<\/p>\n\n\n\n<p><a href=\"https:\/\/www.education.gouv.fr\/plaisir-de-lire-plaisir-d-ecrire-parcours-et-concours-416501\">Plaisir de lire, plaisir d\u2019\u00e9crire : parcours et concours<\/a><\/p>\n\n\n","protected":false},"excerpt":{"rendered":"<p>Petits et grands, cet \u00e9t\u00e9, on lit ? Un peu, beaucoup, passionn\u00e9ment, \u00e0 la plage, \u00e0 l\u2019ombre ou dans son lit. Pour s\u2019occuper et s\u2019\u00e9vader, pour s\u2019amuser, d\u00e9couvrir, r\u00eaver. Cet \u00e9t\u00e9, je lis : quelques conseils autour de la lecture pour les familles Parents, cet \u00e9t\u00e9 comme tout au long de l&rsquo;ann\u00e9e, accompagnez vos enfants [&hellip;]<\/p>\n","protected":false},"author":69,"featured_media":0,"comment_status":"closed","ping_status":"closed","sticky":false,"template":"","format":"standard","meta":{"footnotes":""},"categories":[107,117,119],"tags":[],"class_list":["post-1922","post","type-post","status-publish","format-standard","hentry","category-actualite","category-college-lecture-ecriture","category-lycee-lecture-ecriture"],"_links":{"self":[{"href":"https:\/\/sites.ac-corse.fr\/lettres\/wp-json\/wp\/v2\/posts\/1922","targetHints":{"allow":["GET"]}}],"collection":[{"href":"https:\/\/sites.ac-corse.fr\/lettres\/wp-json\/wp\/v2\/posts"}],"about":[{"href":"https:\/\/sites.ac-corse.fr\/lettres\/wp-json\/wp\/v2\/types\/post"}],"author":[{"embeddable":true,"href":"https:\/\/sites.ac-corse.fr\/lettres\/wp-json\/wp\/v2\/users\/69"}],"replies":[{"embeddable":true,"href":"https:\/\/sites.ac-corse.fr\/lettres\/wp-json\/wp\/v2\/comments?post=1922"}],"version-history":[{"count":4,"href":"https:\/\/sites.ac-corse.fr\/lettres\/wp-json\/wp\/v2\/posts\/1922\/revisions"}],"predecessor-version":[{"id":2101,"href":"https:\/\/sites.ac-corse.fr\/lettres\/wp-json\/wp\/v2\/posts\/1922\/revisions\/2101"}],"wp:attachment":[{"href":"https:\/\/sites.ac-corse.fr\/lettres\/wp-json\/wp\/v2\/media?parent=1922"}],"wp:term":[{"taxonomy":"category","embeddable":true,"href":"https:\/\/sites.ac-corse.fr\/lettres\/wp-json\/wp\/v2\/categories?post=1922"},{"taxonomy":"post_tag","embeddable":true,"href":"https:\/\/sites.ac-corse.fr\/lettres\/wp-json\/wp\/v2\/tags?post=1922"}],"curies":[{"name":"wp","href":"https:\/\/api.w.org\/{rel}","templated":true}]}}