{"id":2124,"date":"2026-04-30T15:57:06","date_gmt":"2026-04-30T13:57:06","guid":{"rendered":"https:\/\/sites.ac-corse.fr\/lettres\/?p=2124"},"modified":"2026-04-30T16:12:51","modified_gmt":"2026-04-30T14:12:51","slug":"epreuves-de-specialite-du-baccalaureat-general-et-technologique-sur-quoi-et-comment-serez-vous-evalue","status":"publish","type":"post","link":"https:\/\/sites.ac-corse.fr\/lettres\/2026\/04\/30\/epreuves-de-specialite-du-baccalaureat-general-et-technologique-sur-quoi-et-comment-serez-vous-evalue\/","title":{"rendered":"\u00c9preuves de sp\u00e9cialit\u00e9 du baccalaur\u00e9at g\u00e9n\u00e9ral et technologique : sur quoi et comment serez-vous \u00e9valu\u00e9 ?"},"content":{"rendered":"\n<figure class=\"wp-block-image size-full is-resized\"><a href=\"https:\/\/www.education.gouv.fr\/reussir-au-lycee\/epreuves-de-specialite-du-baccalaureat-general-et-technologique-sur-quoi-et-comment-serez-vous-324431\"><img loading=\"lazy\" decoding=\"async\" width=\"588\" height=\"331\" src=\"https:\/\/sites.ac-corse.fr\/lettres\/wp-content\/uploads\/sites\/20\/2026\/04\/image-g-n-rique-valuations-sp-459999.jpg.webp\" alt=\"\" class=\"wp-image-2128\" style=\"width:250px;height:auto\" srcset=\"https:\/\/sites.ac-corse.fr\/lettres\/wp-content\/uploads\/sites\/20\/2026\/04\/image-g-n-rique-valuations-sp-459999.jpg.webp 588w, https:\/\/sites.ac-corse.fr\/lettres\/wp-content\/uploads\/sites\/20\/2026\/04\/image-g-n-rique-valuations-sp-459999.jpg-300x169.webp 300w\" sizes=\"auto, (max-width: 588px) 100vw, 588px\" \/><\/a><\/figure>\n\n\n\n<p>\u00c9preuves de sp\u00e9cialit\u00e9 du <strong>baccalaur\u00e9at g\u00e9n\u00e9ral<\/strong>. D\u00e9couvrez, mati\u00e8re par mati\u00e8re, les programmes de sp\u00e9cialit\u00e9 sur lesquels vous serez \u00e9valu\u00e9s. <\/p>\n\n\n\n<h4 class=\"wp-block-heading\">Humanit\u00e9, Litt\u00e9rature, Philosophie<\/h4>\n\n\n\n<h5 class=\"wp-block-heading\">Semestre 1 : objet d\u2019\u00e9tude \u00ab\u00a0La recherche de soi\u00a0\u00bb &#8211; P\u00e9riode de r\u00e9f\u00e9rence : Du romantisme au XXe si\u00e8cle<\/h5>\n\n\n\n<ul class=\"wp-block-list\">\n<li>\u00c9ducation, transmission et \u00e9mancipation<\/li>\n\n\n\n<li>Les expressions de la sensibilit\u00e9<\/li>\n\n\n\n<li>Les m\u00e9tamorphoses du moi<\/li>\n<\/ul>\n\n\n\n<h5 class=\"wp-block-heading\">Semestre 2 : objet d\u2019\u00e9tude \u00ab\u00a0L\u2019Humanit\u00e9 en question\u00a0\u00bb &#8211; P\u00e9riode de r\u00e9f\u00e9rence : P\u00e9riode contemporaine (XXe-XXIe si\u00e8cles)<\/h5>\n\n\n\n<ul class=\"wp-block-list\">\n<li>Cr\u00e9ation, continuit\u00e9s et ruptures<\/li>\n\n\n\n<li>Histoire et violence<\/li>\n\n\n\n<li>L\u2019humain et ses limites<\/li>\n<\/ul>\n\n\n\n<h4 class=\"wp-block-heading\">Litt\u00e9rature et Langues et Cultures de l&rsquo;Antiquit\u00e9<\/h4>\n\n\n\n<ul class=\"wp-block-list\">\n<li>Objet d\u2019\u00e9tude \u00ab\u00a0L\u2019homme, le monde, le destin\u00a0\u00bb<\/li>\n\n\n\n<li>Objet d\u2019\u00e9tude \u00ab\u00a0Croire, savoir, douter\u00a0\u00bb<\/li>\n\n\n\n<li>Objet d\u2019\u00e9tude : \u00ab\u00a0M\u00e9diterran\u00e9e : pr\u00e9sence des mondes antiques\u00a0\u00bb<\/li>\n<\/ul>\n\n\n\n<p><strong>\u00c0 noter que l&rsquo;ensemble d\u00e9taill\u00e9 des modalit\u00e9s d&rsquo;\u00e9valuation  baccalaur\u00e9ats g\u00e9n\u00e9ral et technologique est consultable sur<\/strong> <a href=\"https:\/\/www.education.gouv.fr\/reussir-au-lycee\/epreuves-de-specialite-du-baccalaureat-general-et-technologique-sur-quoi-et-comment-serez-vous-324431\">le site du minist\u00e8re.<\/a><\/p>\n","protected":false},"excerpt":{"rendered":"<p>\u00c9preuves de sp\u00e9cialit\u00e9 du baccalaur\u00e9at g\u00e9n\u00e9ral. D\u00e9couvrez, mati\u00e8re par mati\u00e8re, les programmes de sp\u00e9cialit\u00e9 sur lesquels vous serez \u00e9valu\u00e9s. Humanit\u00e9, Litt\u00e9rature, Philosophie Semestre 1 : objet d\u2019\u00e9tude \u00ab\u00a0La recherche de soi\u00a0\u00bb &#8211; P\u00e9riode de r\u00e9f\u00e9rence : Du romantisme au XXe si\u00e8cle Semestre 2 : objet d\u2019\u00e9tude \u00ab\u00a0L\u2019Humanit\u00e9 en question\u00a0\u00bb &#8211; P\u00e9riode de r\u00e9f\u00e9rence : P\u00e9riode [&hellip;]<\/p>\n","protected":false},"author":69,"featured_media":0,"comment_status":"closed","ping_status":"open","sticky":false,"template":"","format":"standard","meta":{"footnotes":""},"categories":[124,122,108],"tags":[],"class_list":["post-2124","post","type-post","status-publish","format-standard","hentry","category-hlp","category-lycee-examens","category-textes-officiels-et-programmes"],"_links":{"self":[{"href":"https:\/\/sites.ac-corse.fr\/lettres\/wp-json\/wp\/v2\/posts\/2124","targetHints":{"allow":["GET"]}}],"collection":[{"href":"https:\/\/sites.ac-corse.fr\/lettres\/wp-json\/wp\/v2\/posts"}],"about":[{"href":"https:\/\/sites.ac-corse.fr\/lettres\/wp-json\/wp\/v2\/types\/post"}],"author":[{"embeddable":true,"href":"https:\/\/sites.ac-corse.fr\/lettres\/wp-json\/wp\/v2\/users\/69"}],"replies":[{"embeddable":true,"href":"https:\/\/sites.ac-corse.fr\/lettres\/wp-json\/wp\/v2\/comments?post=2124"}],"version-history":[{"count":6,"href":"https:\/\/sites.ac-corse.fr\/lettres\/wp-json\/wp\/v2\/posts\/2124\/revisions"}],"predecessor-version":[{"id":2133,"href":"https:\/\/sites.ac-corse.fr\/lettres\/wp-json\/wp\/v2\/posts\/2124\/revisions\/2133"}],"wp:attachment":[{"href":"https:\/\/sites.ac-corse.fr\/lettres\/wp-json\/wp\/v2\/media?parent=2124"}],"wp:term":[{"taxonomy":"category","embeddable":true,"href":"https:\/\/sites.ac-corse.fr\/lettres\/wp-json\/wp\/v2\/categories?post=2124"},{"taxonomy":"post_tag","embeddable":true,"href":"https:\/\/sites.ac-corse.fr\/lettres\/wp-json\/wp\/v2\/tags?post=2124"}],"curies":[{"name":"wp","href":"https:\/\/api.w.org\/{rel}","templated":true}]}}