{"id":1022,"date":"2024-04-08T18:46:05","date_gmt":"2024-04-08T16:46:05","guid":{"rendered":"https:\/\/sites.ac-corse.fr\/lvespagnol\/?p=1022"},"modified":"2024-04-08T18:46:06","modified_gmt":"2024-04-08T16:46:06","slug":"naissance-de-joan-miro-le-20-avril-1893","status":"publish","type":"post","link":"https:\/\/sites.ac-corse.fr\/lvespagnol\/2024\/04\/08\/naissance-de-joan-miro-le-20-avril-1893\/","title":{"rendered":"Naissance de\u00a0Joan Mir\u00f3 le 20 avril 1893"},"content":{"rendered":"\n<p>Le manuel Hispamundo de 2nde (le livre scolaire) propose une&nbsp;<strong><a target=\"_blank\" href=\"https:\/\/www.lelivrescolaire.fr\/page\/6218057\" rel=\"noreferrer noopener\">s\u00e9quence p\u00e9dagogique<\/a>:&nbsp;<\/strong><em>Mir\u00f3, \u00bfuna mirada de siete manos?<\/em><\/p>\n\n\n\n<p class=\"has-text-align-center\"><img decoding=\"async\" alt=\"\" src=\"https:\/\/filerepository.itslearning.com\/11db4a8e-b60f-49a0-9033-7dea119ee788?Token=4HMGACAHAACjjhRmAAAAACAAA195BjavjqCG5d22nWlNBACEpodMtesUNtcGiSuHM9AAAA\"><em>(flickr)<\/em><\/p>\n","protected":false},"excerpt":{"rendered":"<p>Le manuel Hispamundo de 2nde (le livre scolaire) propose une&nbsp;s\u00e9quence p\u00e9dagogique:&nbsp;Mir\u00f3, \u00bfuna mirada de siete manos? (flickr)<\/p>\n","protected":false},"author":80,"featured_media":0,"comment_status":"closed","ping_status":"closed","sticky":false,"template":"","format":"standard","meta":{"footnotes":""},"categories":[8],"tags":[],"class_list":["post-1022","post","type-post","status-publish","format-standard","hentry","category-ressources-pedagogiques-lycee"],"_links":{"self":[{"href":"https:\/\/sites.ac-corse.fr\/lvespagnol\/wp-json\/wp\/v2\/posts\/1022","targetHints":{"allow":["GET"]}}],"collection":[{"href":"https:\/\/sites.ac-corse.fr\/lvespagnol\/wp-json\/wp\/v2\/posts"}],"about":[{"href":"https:\/\/sites.ac-corse.fr\/lvespagnol\/wp-json\/wp\/v2\/types\/post"}],"author":[{"embeddable":true,"href":"https:\/\/sites.ac-corse.fr\/lvespagnol\/wp-json\/wp\/v2\/users\/80"}],"replies":[{"embeddable":true,"href":"https:\/\/sites.ac-corse.fr\/lvespagnol\/wp-json\/wp\/v2\/comments?post=1022"}],"version-history":[{"count":1,"href":"https:\/\/sites.ac-corse.fr\/lvespagnol\/wp-json\/wp\/v2\/posts\/1022\/revisions"}],"predecessor-version":[{"id":1024,"href":"https:\/\/sites.ac-corse.fr\/lvespagnol\/wp-json\/wp\/v2\/posts\/1022\/revisions\/1024"}],"wp:attachment":[{"href":"https:\/\/sites.ac-corse.fr\/lvespagnol\/wp-json\/wp\/v2\/media?parent=1022"}],"wp:term":[{"taxonomy":"category","embeddable":true,"href":"https:\/\/sites.ac-corse.fr\/lvespagnol\/wp-json\/wp\/v2\/categories?post=1022"},{"taxonomy":"post_tag","embeddable":true,"href":"https:\/\/sites.ac-corse.fr\/lvespagnol\/wp-json\/wp\/v2\/tags?post=1022"}],"curies":[{"name":"wp","href":"https:\/\/api.w.org\/{rel}","templated":true}]}}