{"id":1026,"date":"2024-04-08T18:49:57","date_gmt":"2024-04-08T16:49:57","guid":{"rendered":"https:\/\/sites.ac-corse.fr\/lvespagnol\/?p=1026"},"modified":"2024-04-08T18:49:58","modified_gmt":"2024-04-08T16:49:58","slug":"dia-del-idioma-espanol-en-las-naciones-unidas","status":"publish","type":"post","link":"https:\/\/sites.ac-corse.fr\/lvespagnol\/2024\/04\/08\/dia-del-idioma-espanol-en-las-naciones-unidas\/","title":{"rendered":"D\u00eda del Idioma Espa\u00f1ol en las Naciones Unidas"},"content":{"rendered":"\n<p>Journ\u00e9e de la langue espagnole aux Nations Unies: le 23 avril<\/p>\n\n\n\n<p><a target=\"_blank\" href=\"https:\/\/www.un.org\/es\/observances\/spanish-language-day\" rel=\"noreferrer noopener\"><strong>Pour en savoir plus, c\u2019est ici.<\/strong><\/a><\/p>\n\n\n\n<h4 class=\"wp-block-heading has-text-align-center\"><em>El 23 de abril se celebra el \u00ab\u00a0D\u00eda del Idioma&nbsp;Espa\u00f1ol&nbsp;en las Naciones Unidas\u00a0\u00bb&nbsp;para concienciar al personal de la Organizaci\u00f3n, y al mundo en general, acerca de la historia, la cultura y el uso del espa\u00f1ol como idioma oficial.<\/em><\/h4>\n\n\n\n<h4 class=\"wp-block-heading has-text-align-center\"><em>La elecci\u00f3n del d\u00eda atiende al aniversario de la muerte del gran genio de las letras espa\u00f1olas, Miguel de Cervantes. Casualmente, la fecha de su fallecimiento coincide con la del m\u00e1s prestigioso dramaturgo ingl\u00e9s, William Shakespeare. De ah\u00ed que ambas lenguas compartan el\u00a0d\u00eda.<\/em><\/h4>\n","protected":false},"excerpt":{"rendered":"<p>Journ\u00e9e de la langue espagnole aux Nations Unies: le 23 avril Pour en savoir plus, c\u2019est ici. El 23 de abril se celebra el \u00ab\u00a0D\u00eda del Idioma&nbsp;Espa\u00f1ol&nbsp;en las Naciones Unidas\u00a0\u00bb&nbsp;para concienciar al personal de la Organizaci\u00f3n, y al mundo en general, acerca de la historia, la cultura y el uso del espa\u00f1ol como idioma oficial. [&hellip;]<\/p>\n","protected":false},"author":80,"featured_media":1027,"comment_status":"closed","ping_status":"closed","sticky":false,"template":"","format":"standard","meta":{"footnotes":""},"categories":[7,4,8],"tags":[],"class_list":["post-1026","post","type-post","status-publish","format-standard","has-post-thumbnail","hentry","category-evenements-culturelles","category-ressources-pedagogiques","category-ressources-pedagogiques-lycee"],"_links":{"self":[{"href":"https:\/\/sites.ac-corse.fr\/lvespagnol\/wp-json\/wp\/v2\/posts\/1026","targetHints":{"allow":["GET"]}}],"collection":[{"href":"https:\/\/sites.ac-corse.fr\/lvespagnol\/wp-json\/wp\/v2\/posts"}],"about":[{"href":"https:\/\/sites.ac-corse.fr\/lvespagnol\/wp-json\/wp\/v2\/types\/post"}],"author":[{"embeddable":true,"href":"https:\/\/sites.ac-corse.fr\/lvespagnol\/wp-json\/wp\/v2\/users\/80"}],"replies":[{"embeddable":true,"href":"https:\/\/sites.ac-corse.fr\/lvespagnol\/wp-json\/wp\/v2\/comments?post=1026"}],"version-history":[{"count":1,"href":"https:\/\/sites.ac-corse.fr\/lvespagnol\/wp-json\/wp\/v2\/posts\/1026\/revisions"}],"predecessor-version":[{"id":1028,"href":"https:\/\/sites.ac-corse.fr\/lvespagnol\/wp-json\/wp\/v2\/posts\/1026\/revisions\/1028"}],"wp:featuredmedia":[{"embeddable":true,"href":"https:\/\/sites.ac-corse.fr\/lvespagnol\/wp-json\/wp\/v2\/media\/1027"}],"wp:attachment":[{"href":"https:\/\/sites.ac-corse.fr\/lvespagnol\/wp-json\/wp\/v2\/media?parent=1026"}],"wp:term":[{"taxonomy":"category","embeddable":true,"href":"https:\/\/sites.ac-corse.fr\/lvespagnol\/wp-json\/wp\/v2\/categories?post=1026"},{"taxonomy":"post_tag","embeddable":true,"href":"https:\/\/sites.ac-corse.fr\/lvespagnol\/wp-json\/wp\/v2\/tags?post=1026"}],"curies":[{"name":"wp","href":"https:\/\/api.w.org\/{rel}","templated":true}]}}