{"id":1065,"date":"2024-10-15T11:40:42","date_gmt":"2024-10-15T09:40:42","guid":{"rendered":"https:\/\/sites.ac-corse.fr\/lvespagnol\/?p=1065"},"modified":"2024-10-15T11:40:42","modified_gmt":"2024-10-15T09:40:42","slug":"a-la-decouverte-de-nicanor-parra-poete-chilien","status":"publish","type":"post","link":"https:\/\/sites.ac-corse.fr\/lvespagnol\/2024\/10\/15\/a-la-decouverte-de-nicanor-parra-poete-chilien\/","title":{"rendered":"A la d\u00e9couverte de Nicanor Parra, po\u00e8te chilien"},"content":{"rendered":"\n<p><em>Personnage critique et engag\u00e9, il cr\u00e9e des artefacts visuels, r\u00e9utilisant des d\u00e9chets pour cr\u00e9er des \u0153uvres d&rsquo;art accompagn\u00e9es de phrases po\u00e9tiques, pointant ainsi du doigt les exc\u00e8s de la soci\u00e9t\u00e9 de consommation et de la mondialisation.<\/em> <em>(source, Le Livre scolaire)<\/em><\/p>\n\n\n\n<div data-wp-interactive=\"core\/file\" class=\"wp-block-file\"><object data-wp-bind--hidden=\"!state.hasPdfPreview\" hidden class=\"wp-block-file__embed\" data=\"https:\/\/sites.ac-corse.fr\/lvespagnol\/wp-content\/uploads\/sites\/22\/2024\/10\/poeta-nicanor-parra.pdf\" type=\"application\/pdf\" style=\"width:100%;height:600px\" aria-label=\"Contenu embarqu\u00e9 poeta nicanor parra.\"><\/object><a id=\"wp-block-file--media-a0e6a986-55ac-4632-bc52-4593b12b23e9\" href=\"https:\/\/sites.ac-corse.fr\/lvespagnol\/wp-content\/uploads\/sites\/22\/2024\/10\/poeta-nicanor-parra.pdf\">poeta nicanor parra<\/a><a href=\"https:\/\/sites.ac-corse.fr\/lvespagnol\/wp-content\/uploads\/sites\/22\/2024\/10\/poeta-nicanor-parra.pdf\" class=\"wp-block-file__button wp-element-button\" download aria-describedby=\"wp-block-file--media-a0e6a986-55ac-4632-bc52-4593b12b23e9\">T\u00e9l\u00e9charger<\/a><\/div>\n\n\n\n<p><a href=\"https:\/\/www.memoriachilena.gob.cl\/602\/w3-article-8516.html\" data-type=\"link\" data-id=\"https:\/\/www.memoriachilena.gob.cl\/602\/w3-article-8516.html\">Artefacts de la biblioth\u00e8que du Chili<\/a> \u00e0 t\u00e9l\u00e9charger gratuitement <em>(source Le Livre Scolaire)<\/em><\/p>\n\n\n\n<p><a href=\"https:\/\/www.ingenieria.unam.mx\/dcsyhfi\/material_didactico\/Literatura_Hispanoamericana_Contemporanea\/Autores_P\/PARRA\/y.pdf\" data-type=\"link\" data-id=\"https:\/\/www.ingenieria.unam.mx\/dcsyhfi\/material_didactico\/Literatura_Hispanoamericana_Contemporanea\/Autores_P\/PARRA\/y.pdf\">Poemas y antipoemas <\/a> <em>(source Le Livre Scolaire)<\/em><\/p>\n\n\n\n<p><\/p>\n","protected":false},"excerpt":{"rendered":"<p>Personnage critique et engag\u00e9, il cr\u00e9e des artefacts visuels, r\u00e9utilisant des d\u00e9chets pour cr\u00e9er des \u0153uvres d&rsquo;art accompagn\u00e9es de phrases po\u00e9tiques, pointant ainsi du doigt les exc\u00e8s de la soci\u00e9t\u00e9 de consommation et de la mondialisation. (source, Le Livre scolaire) Artefacts de la biblioth\u00e8que du Chili \u00e0 t\u00e9l\u00e9charger gratuitement (source Le Livre Scolaire) Poemas y [&hellip;]<\/p>\n","protected":false},"author":80,"featured_media":1067,"comment_status":"closed","ping_status":"closed","sticky":false,"template":"","format":"standard","meta":{"footnotes":""},"categories":[4,8],"tags":[35,38,37,36],"class_list":["post-1065","post","type-post","status-publish","format-standard","has-post-thumbnail","hentry","category-ressources-pedagogiques","category-ressources-pedagogiques-lycee","tag-chili","tag-parra","tag-poeta","tag-poete"],"_links":{"self":[{"href":"https:\/\/sites.ac-corse.fr\/lvespagnol\/wp-json\/wp\/v2\/posts\/1065","targetHints":{"allow":["GET"]}}],"collection":[{"href":"https:\/\/sites.ac-corse.fr\/lvespagnol\/wp-json\/wp\/v2\/posts"}],"about":[{"href":"https:\/\/sites.ac-corse.fr\/lvespagnol\/wp-json\/wp\/v2\/types\/post"}],"author":[{"embeddable":true,"href":"https:\/\/sites.ac-corse.fr\/lvespagnol\/wp-json\/wp\/v2\/users\/80"}],"replies":[{"embeddable":true,"href":"https:\/\/sites.ac-corse.fr\/lvespagnol\/wp-json\/wp\/v2\/comments?post=1065"}],"version-history":[{"count":1,"href":"https:\/\/sites.ac-corse.fr\/lvespagnol\/wp-json\/wp\/v2\/posts\/1065\/revisions"}],"predecessor-version":[{"id":1068,"href":"https:\/\/sites.ac-corse.fr\/lvespagnol\/wp-json\/wp\/v2\/posts\/1065\/revisions\/1068"}],"wp:featuredmedia":[{"embeddable":true,"href":"https:\/\/sites.ac-corse.fr\/lvespagnol\/wp-json\/wp\/v2\/media\/1067"}],"wp:attachment":[{"href":"https:\/\/sites.ac-corse.fr\/lvespagnol\/wp-json\/wp\/v2\/media?parent=1065"}],"wp:term":[{"taxonomy":"category","embeddable":true,"href":"https:\/\/sites.ac-corse.fr\/lvespagnol\/wp-json\/wp\/v2\/categories?post=1065"},{"taxonomy":"post_tag","embeddable":true,"href":"https:\/\/sites.ac-corse.fr\/lvespagnol\/wp-json\/wp\/v2\/tags?post=1065"}],"curies":[{"name":"wp","href":"https:\/\/api.w.org\/{rel}","templated":true}]}}