{"id":25,"date":"2022-02-14T18:17:00","date_gmt":"2022-02-14T17:17:00","guid":{"rendered":"https:\/\/sites.ac-corse.fr\/maths\/2022\/02\/14\/le-plan-mathematiques-au-college\/"},"modified":"2022-09-04T10:36:37","modified_gmt":"2022-09-04T08:36:37","slug":"le-plan-mathematiques-au-college","status":"publish","type":"post","link":"https:\/\/sites.ac-corse.fr\/maths\/2022\/02\/14\/le-plan-mathematiques-au-college\/","title":{"rendered":"Le plan math\u00e9matiques au coll\u00e8ge"},"content":{"rendered":"<p>Le volet coll\u00e8ge du plan math\u00e9matiques a pour but de dynamiser l\u2019enseignement des math\u00e9matiques au coll\u00e8ge afin d\u2019am\u00e9liorer les performances math\u00e9matiques et la culture scientifique des \u00e9l\u00e8ves fran\u00e7ais, mais aussi de valoriser l\u2019image des math\u00e9matiques, en particulier pour inciter les jeunes \u00e0 s\u2019engager dans des carri\u00e8res scientifiques.<\/p>\n<p>Sur le site\u00a0<a class=\"link\" href=\"https:\/\/eduscol.education.fr\/3049\/le-plan-mathematiques-au-college\">Eduscol<\/a>, vous trouverez :<\/p>\n<ul>\n<li class=\"list\">des\u00a0<strong>ressources pour les professeurs<\/strong>, leur permettant de pr\u00e9ciser leurs gestes professionnels et de travailler \u00e0 une image positive des math\u00e9matiques ;<\/li>\n<li class=\"list\">des ressources et des actions de formation\u00a0<strong>pour les formateurs<\/strong>\u00a0au niveau national, formation d\u00e9ploy\u00e9e ensuite en acad\u00e9mie pour s\u2019adapter aux besoins ;<\/li>\n<li class=\"list\">des ressources pour accompagner\u00a0<strong>les chefs d\u2019\u00e9tablissement<\/strong>.<\/li>\n<\/ul>\n<div class=\"list\"><\/div>\n<p>Vous trouverez ci-dessous des ressources pour le cycle 4. Des ressources compl\u00e9mentaires sont disponibles\u00a0<a class=\"link\" href=\"https:\/\/eduscol.education.fr\/3049\/le-plan-mathematiques-au-college\">ici<\/a>.<\/p>\n","protected":false},"excerpt":{"rendered":"<p>Le volet coll\u00e8ge du plan math\u00e9matiques a pour but de dynamiser l\u2019enseignement des math\u00e9matiques au coll\u00e8ge afin d\u2019am\u00e9liorer les performances math\u00e9matiques et la culture scientifique des \u00e9l\u00e8ves fran\u00e7ais, mais aussi de valoriser l\u2019image des math\u00e9matiques, en particulier pour inciter les jeunes \u00e0 s\u2019engager dans des carri\u00e8res scientifiques. Sur le site\u00a0Eduscol, vous trouverez : des\u00a0ressources pour [&hellip;]<\/p>\n","protected":false},"author":1,"featured_media":1016,"comment_status":"closed","ping_status":"closed","sticky":false,"template":"","format":"standard","meta":{"footnotes":""},"categories":[6],"tags":[],"class_list":["post-25","post","type-post","status-publish","format-standard","has-post-thumbnail","hentry","category-inspection_pedagogique"],"_links":{"self":[{"href":"https:\/\/sites.ac-corse.fr\/maths\/wp-json\/wp\/v2\/posts\/25","targetHints":{"allow":["GET"]}}],"collection":[{"href":"https:\/\/sites.ac-corse.fr\/maths\/wp-json\/wp\/v2\/posts"}],"about":[{"href":"https:\/\/sites.ac-corse.fr\/maths\/wp-json\/wp\/v2\/types\/post"}],"author":[{"embeddable":true,"href":"https:\/\/sites.ac-corse.fr\/maths\/wp-json\/wp\/v2\/users\/1"}],"replies":[{"embeddable":true,"href":"https:\/\/sites.ac-corse.fr\/maths\/wp-json\/wp\/v2\/comments?post=25"}],"version-history":[{"count":2,"href":"https:\/\/sites.ac-corse.fr\/maths\/wp-json\/wp\/v2\/posts\/25\/revisions"}],"predecessor-version":[{"id":1017,"href":"https:\/\/sites.ac-corse.fr\/maths\/wp-json\/wp\/v2\/posts\/25\/revisions\/1017"}],"wp:featuredmedia":[{"embeddable":true,"href":"https:\/\/sites.ac-corse.fr\/maths\/wp-json\/wp\/v2\/media\/1016"}],"wp:attachment":[{"href":"https:\/\/sites.ac-corse.fr\/maths\/wp-json\/wp\/v2\/media?parent=25"}],"wp:term":[{"taxonomy":"category","embeddable":true,"href":"https:\/\/sites.ac-corse.fr\/maths\/wp-json\/wp\/v2\/categories?post=25"},{"taxonomy":"post_tag","embeddable":true,"href":"https:\/\/sites.ac-corse.fr\/maths\/wp-json\/wp\/v2\/tags?post=25"}],"curies":[{"name":"wp","href":"https:\/\/api.w.org\/{rel}","templated":true}]}}