{"id":41,"date":"2021-03-16T18:21:00","date_gmt":"2021-03-16T17:21:00","guid":{"rendered":"https:\/\/sites.ac-corse.fr\/maths\/2021\/03\/16\/grand-forum-des-mathematiques-vivantes-2021-2\/"},"modified":"2022-09-02T15:19:03","modified_gmt":"2022-09-02T13:19:03","slug":"grand-forum-des-mathematiques-vivantes-2021-2","status":"publish","type":"post","link":"https:\/\/sites.ac-corse.fr\/maths\/2021\/03\/16\/grand-forum-des-mathematiques-vivantes-2021-2\/","title":{"rendered":"Grand Forum des Math\u00e9matiques Vivantes 2021"},"content":{"rendered":"<p>Le <u><strong>Grand Forum de Math\u00e9matiques Vivantes<\/strong><\/u> s&rsquo;est d\u00e9roul\u00e9 en distanciel, le mercredi 10, jeudi 11 et vendredi 12 mars. <\/p>\n<p> Vous pouvez retrouver le programme des conf\u00e9rences <a class=\"link\" href=\"https:\/\/gfmv.enseigne.ac-lyon.fr\/distanciel\/programmes_mercredi.html\">ici.<\/a> <\/p>\n<p> Les conf\u00e9rences et les tables rondes sont disponibles sur la chaine <a class=\"link\" href=\"https:\/\/m.twitch.tv\/scienceparticipative\/profile\">scienceparticipative TwichFr<\/a>.<br \/>\nhttps:\/\/sites.ac-corse.fr\/wp-content\/uploads\/sites\/18\/photo\/art\/default\/1019471-1288352.jpg<\/p>\n","protected":false},"excerpt":{"rendered":"<p>Le Grand Forum de Math\u00e9matiques Vivantes s&rsquo;est d\u00e9roul\u00e9 en distanciel, le mercredi 10, jeudi 11 et vendredi 12 mars. Vous pouvez retrouver le programme des conf\u00e9rences ici. Les conf\u00e9rences et les tables rondes sont disponibles sur la chaine scienceparticipative TwichFr. https:\/\/sites.ac-corse.fr\/wp-content\/uploads\/sites\/18\/photo\/art\/default\/1019471-1288352.jpg<\/p>\n","protected":false},"author":1,"featured_media":0,"comment_status":"closed","ping_status":"closed","sticky":false,"template":"","format":"standard","meta":{"footnotes":""},"categories":[6],"tags":[],"class_list":["post-41","post","type-post","status-publish","format-standard","hentry","category-inspection_pedagogique"],"_links":{"self":[{"href":"https:\/\/sites.ac-corse.fr\/maths\/wp-json\/wp\/v2\/posts\/41","targetHints":{"allow":["GET"]}}],"collection":[{"href":"https:\/\/sites.ac-corse.fr\/maths\/wp-json\/wp\/v2\/posts"}],"about":[{"href":"https:\/\/sites.ac-corse.fr\/maths\/wp-json\/wp\/v2\/types\/post"}],"author":[{"embeddable":true,"href":"https:\/\/sites.ac-corse.fr\/maths\/wp-json\/wp\/v2\/users\/1"}],"replies":[{"embeddable":true,"href":"https:\/\/sites.ac-corse.fr\/maths\/wp-json\/wp\/v2\/comments?post=41"}],"version-history":[{"count":1,"href":"https:\/\/sites.ac-corse.fr\/maths\/wp-json\/wp\/v2\/posts\/41\/revisions"}],"predecessor-version":[{"id":827,"href":"https:\/\/sites.ac-corse.fr\/maths\/wp-json\/wp\/v2\/posts\/41\/revisions\/827"}],"wp:attachment":[{"href":"https:\/\/sites.ac-corse.fr\/maths\/wp-json\/wp\/v2\/media?parent=41"}],"wp:term":[{"taxonomy":"category","embeddable":true,"href":"https:\/\/sites.ac-corse.fr\/maths\/wp-json\/wp\/v2\/categories?post=41"},{"taxonomy":"post_tag","embeddable":true,"href":"https:\/\/sites.ac-corse.fr\/maths\/wp-json\/wp\/v2\/tags?post=41"}],"curies":[{"name":"wp","href":"https:\/\/api.w.org\/{rel}","templated":true}]}}