{"id":5482,"date":"2024-07-10T19:07:08","date_gmt":"2024-07-10T17:07:08","guid":{"rendered":"https:\/\/sites.ac-corse.fr\/maths\/?p=5482"},"modified":"2024-07-10T19:08:18","modified_gmt":"2024-07-10T17:08:18","slug":"5482","status":"publish","type":"post","link":"https:\/\/sites.ac-corse.fr\/maths\/2024\/07\/10\/5482\/","title":{"rendered":"Concours VideoDiMath"},"content":{"rendered":"\n<p>Les \u00e9l\u00e8ves de sixi\u00e8me du coll\u00e8ge Jean Orabona de Calvi ont gagn\u00e9 le concours acad\u00e9mique de capsules vid\u00e9o ouvert \u00e0 tous les \u00e9l\u00e8ves de l&rsquo;acad\u00e9mie de la sixi\u00e8me \u00e0 la terminale. Il ont \u00e9t\u00e9 r\u00e9compens\u00e9s mardi 9 juillet au lyc\u00e9e de Corte. Toutes nos f\u00e9licitations et tous nos remerciements \u00e0 leur enseignante.<\/p>\n\n\n\n<figure class=\"wp-block-image size-full\"><img loading=\"lazy\" decoding=\"async\" width=\"1600\" height=\"1200\" src=\"https:\/\/sites.ac-corse.fr\/maths\/wp-content\/uploads\/sites\/18\/2024\/07\/IMG-20240710-WA0002.jpg\" alt=\"\" class=\"wp-image-5483\"\/><\/figure>\n","protected":false},"excerpt":{"rendered":"<p>Les \u00e9l\u00e8ves de sixi\u00e8me du coll\u00e8ge Jean Orabona de Calvi ont gagn\u00e9 le concours acad\u00e9mique de capsules vid\u00e9o ouvert \u00e0 tous les \u00e9l\u00e8ves de l&rsquo;acad\u00e9mie de la sixi\u00e8me \u00e0 la terminale. Il ont \u00e9t\u00e9 r\u00e9compens\u00e9s mardi 9 juillet au lyc\u00e9e de Corte. Toutes nos f\u00e9licitations et tous nos remerciements \u00e0 leur enseignante.<\/p>\n","protected":false},"author":52,"featured_media":5483,"comment_status":"closed","ping_status":"closed","sticky":false,"template":"","format":"standard","meta":{"footnotes":""},"categories":[14],"tags":[43,41,42],"class_list":["post-5482","post","type-post","status-publish","format-standard","has-post-thumbnail","hentry","category-evenements","tag-college","tag-concours","tag-video"],"_links":{"self":[{"href":"https:\/\/sites.ac-corse.fr\/maths\/wp-json\/wp\/v2\/posts\/5482","targetHints":{"allow":["GET"]}}],"collection":[{"href":"https:\/\/sites.ac-corse.fr\/maths\/wp-json\/wp\/v2\/posts"}],"about":[{"href":"https:\/\/sites.ac-corse.fr\/maths\/wp-json\/wp\/v2\/types\/post"}],"author":[{"embeddable":true,"href":"https:\/\/sites.ac-corse.fr\/maths\/wp-json\/wp\/v2\/users\/52"}],"replies":[{"embeddable":true,"href":"https:\/\/sites.ac-corse.fr\/maths\/wp-json\/wp\/v2\/comments?post=5482"}],"version-history":[{"count":2,"href":"https:\/\/sites.ac-corse.fr\/maths\/wp-json\/wp\/v2\/posts\/5482\/revisions"}],"predecessor-version":[{"id":5485,"href":"https:\/\/sites.ac-corse.fr\/maths\/wp-json\/wp\/v2\/posts\/5482\/revisions\/5485"}],"wp:featuredmedia":[{"embeddable":true,"href":"https:\/\/sites.ac-corse.fr\/maths\/wp-json\/wp\/v2\/media\/5483"}],"wp:attachment":[{"href":"https:\/\/sites.ac-corse.fr\/maths\/wp-json\/wp\/v2\/media?parent=5482"}],"wp:term":[{"taxonomy":"category","embeddable":true,"href":"https:\/\/sites.ac-corse.fr\/maths\/wp-json\/wp\/v2\/categories?post=5482"},{"taxonomy":"post_tag","embeddable":true,"href":"https:\/\/sites.ac-corse.fr\/maths\/wp-json\/wp\/v2\/tags?post=5482"}],"curies":[{"name":"wp","href":"https:\/\/api.w.org\/{rel}","templated":true}]}}