{"id":5806,"date":"2025-05-07T19:41:38","date_gmt":"2025-05-07T17:41:38","guid":{"rendered":"https:\/\/sites.ac-corse.fr\/maths\/?p=5806"},"modified":"2025-05-11T08:46:24","modified_gmt":"2025-05-11T06:46:24","slug":"mini-salon-de-la-culture-et-des-jeux-mathematiques","status":"publish","type":"post","link":"https:\/\/sites.ac-corse.fr\/maths\/2025\/05\/07\/mini-salon-de-la-culture-et-des-jeux-mathematiques\/","title":{"rendered":"Mini salon de la culture et des jeux math\u00e9matiques"},"content":{"rendered":"\n<p>Ce mardi 6 mai s\u2019est d\u00e9roul\u00e9 \u00e0 l\u2019\u00e9cole Vincentellu d\u2019Istria de Biguglia le mini salon de la culture et des jeux math\u00e9matiques. Toutes nos f\u00e9licitations \u00e0 l\u2019\u00e9quipe de l\u2019\u00e9cole qui a organis\u00e9 cette journ\u00e9e. Les \u00e9l\u00e8ves ont pu participer \u00e0 de nombreux ateliers pour les cycles 2 et 3 avec de nombreux intervenants. Les enseignants du coll\u00e8ge de Biguglia ont anim\u00e9 un atelier\u00a0; ils ont propos\u00e9 un jeu sur la g\u00e9om\u00e9trie qu\u2019ils ont cr\u00e9\u00e9 eux-m\u00eames. Les enfants et leurs enseignants ont \u00e9t\u00e9 ravis de participer.<\/p>\n\n\n\n<figure class=\"wp-block-gallery has-nested-images columns-default is-cropped wp-block-gallery-1 is-layout-flex wp-block-gallery-is-layout-flex\">\n<figure class=\"wp-block-image size-large\"><img loading=\"lazy\" decoding=\"async\" width=\"600\" height=\"800\" data-id=\"5807\" src=\"https:\/\/sites.ac-corse.fr\/maths\/wp-content\/uploads\/sites\/18\/2025\/05\/image2.jpeg\" alt=\"\" class=\"wp-image-5807\" srcset=\"https:\/\/sites.ac-corse.fr\/maths\/wp-content\/uploads\/sites\/18\/2025\/05\/image2.jpeg 600w, https:\/\/sites.ac-corse.fr\/maths\/wp-content\/uploads\/sites\/18\/2025\/05\/image2-225x300.jpeg 225w\" sizes=\"auto, (max-width: 600px) 100vw, 600px\" \/><\/figure>\n\n\n\n<figure class=\"wp-block-image size-large\"><img loading=\"lazy\" decoding=\"async\" width=\"600\" height=\"800\" data-id=\"5808\" src=\"https:\/\/sites.ac-corse.fr\/maths\/wp-content\/uploads\/sites\/18\/2025\/05\/image3.jpeg\" alt=\"\" class=\"wp-image-5808\" srcset=\"https:\/\/sites.ac-corse.fr\/maths\/wp-content\/uploads\/sites\/18\/2025\/05\/image3.jpeg 600w, https:\/\/sites.ac-corse.fr\/maths\/wp-content\/uploads\/sites\/18\/2025\/05\/image3-225x300.jpeg 225w\" sizes=\"auto, (max-width: 600px) 100vw, 600px\" \/><\/figure>\n<\/figure>\n","protected":false},"excerpt":{"rendered":"<p>Ce mardi 6 mai s\u2019est d\u00e9roul\u00e9 \u00e0 l\u2019\u00e9cole Vincentellu d\u2019Istria de Biguglia le mini salon de la culture et des jeux math\u00e9matiques. Toutes nos f\u00e9licitations \u00e0 l\u2019\u00e9quipe de l\u2019\u00e9cole qui a organis\u00e9 cette journ\u00e9e. Les \u00e9l\u00e8ves ont pu participer \u00e0 de nombreux ateliers pour les cycles 2 et 3 avec de nombreux intervenants. Les enseignants [&hellip;]<\/p>\n","protected":false},"author":52,"featured_media":5820,"comment_status":"closed","ping_status":"closed","sticky":false,"template":"","format":"standard","meta":{"footnotes":""},"categories":[6],"tags":[],"class_list":["post-5806","post","type-post","status-publish","format-standard","has-post-thumbnail","hentry","category-inspection_pedagogique"],"_links":{"self":[{"href":"https:\/\/sites.ac-corse.fr\/maths\/wp-json\/wp\/v2\/posts\/5806","targetHints":{"allow":["GET"]}}],"collection":[{"href":"https:\/\/sites.ac-corse.fr\/maths\/wp-json\/wp\/v2\/posts"}],"about":[{"href":"https:\/\/sites.ac-corse.fr\/maths\/wp-json\/wp\/v2\/types\/post"}],"author":[{"embeddable":true,"href":"https:\/\/sites.ac-corse.fr\/maths\/wp-json\/wp\/v2\/users\/52"}],"replies":[{"embeddable":true,"href":"https:\/\/sites.ac-corse.fr\/maths\/wp-json\/wp\/v2\/comments?post=5806"}],"version-history":[{"count":1,"href":"https:\/\/sites.ac-corse.fr\/maths\/wp-json\/wp\/v2\/posts\/5806\/revisions"}],"predecessor-version":[{"id":5809,"href":"https:\/\/sites.ac-corse.fr\/maths\/wp-json\/wp\/v2\/posts\/5806\/revisions\/5809"}],"wp:featuredmedia":[{"embeddable":true,"href":"https:\/\/sites.ac-corse.fr\/maths\/wp-json\/wp\/v2\/media\/5820"}],"wp:attachment":[{"href":"https:\/\/sites.ac-corse.fr\/maths\/wp-json\/wp\/v2\/media?parent=5806"}],"wp:term":[{"taxonomy":"category","embeddable":true,"href":"https:\/\/sites.ac-corse.fr\/maths\/wp-json\/wp\/v2\/categories?post=5806"},{"taxonomy":"post_tag","embeddable":true,"href":"https:\/\/sites.ac-corse.fr\/maths\/wp-json\/wp\/v2\/tags?post=5806"}],"curies":[{"name":"wp","href":"https:\/\/api.w.org\/{rel}","templated":true}]}}