{"id":6503,"date":"2026-04-27T10:19:17","date_gmt":"2026-04-27T08:19:17","guid":{"rendered":"https:\/\/sites.ac-corse.fr\/maths\/?p=6503"},"modified":"2026-04-27T10:19:17","modified_gmt":"2026-04-27T08:19:17","slug":"les-eleves-du-college-jean-nicoli-a-lhonneur-au-forum-des-mathematiques","status":"publish","type":"post","link":"https:\/\/sites.ac-corse.fr\/maths\/2026\/04\/27\/les-eleves-du-college-jean-nicoli-a-lhonneur-au-forum-des-mathematiques\/","title":{"rendered":"Les \u00e9l\u00e8ves du coll\u00e8ge Jean Nicoli \u00e0 l&rsquo;honneur au Forum des math\u00e9matiques"},"content":{"rendered":"\n<p>Le coll\u00e8ge Jean Nicoli de Propriano met les math\u00e9matiques \u00e0 l\u2019honneur \u00e0 l\u2019occasion d\u2019un \u00e9v\u00e9nement exceptionnel : le&nbsp;<strong>Forum des math\u00e9matiques 2026<\/strong>, une journ\u00e9e riche en d\u00e9couvertes, en rencontres et en \u00e9merveillement scientifique.<\/p>\n\n\n\n<p>\ud83d\udcc5\u00a0Rendez-vous le lundi 4 mai 2026 \u00e0 18h00<br>\ud83d\udccd\u00a0Espace Jean-Paul de Rocca Serra \u2013 Porto-Vecchio<br>\ud83c\udf9f\ufe0f\u00a0Entr\u00e9e libre<\/p>\n\n\n\n<figure class=\"wp-block-image size-large\"><img loading=\"lazy\" decoding=\"async\" width=\"683\" height=\"1024\" src=\"https:\/\/sites.ac-corse.fr\/maths\/wp-content\/uploads\/sites\/18\/2026\/04\/IMG_7587-683x1024.png\" alt=\"\" class=\"wp-image-6504\" srcset=\"https:\/\/sites.ac-corse.fr\/maths\/wp-content\/uploads\/sites\/18\/2026\/04\/IMG_7587-683x1024.png 683w, https:\/\/sites.ac-corse.fr\/maths\/wp-content\/uploads\/sites\/18\/2026\/04\/IMG_7587-200x300.png 200w, https:\/\/sites.ac-corse.fr\/maths\/wp-content\/uploads\/sites\/18\/2026\/04\/IMG_7587-768x1152.png 768w, https:\/\/sites.ac-corse.fr\/maths\/wp-content\/uploads\/sites\/18\/2026\/04\/IMG_7587.png 1024w\" sizes=\"auto, (max-width: 683px) 100vw, 683px\" \/><\/figure>\n","protected":false},"excerpt":{"rendered":"<p>Le coll\u00e8ge Jean Nicoli de Propriano met les math\u00e9matiques \u00e0 l\u2019honneur \u00e0 l\u2019occasion d\u2019un \u00e9v\u00e9nement exceptionnel : le&nbsp;Forum des math\u00e9matiques 2026, une journ\u00e9e riche en d\u00e9couvertes, en rencontres et en \u00e9merveillement scientifique. \ud83d\udcc5\u00a0Rendez-vous le lundi 4 mai 2026 \u00e0 18h00\ud83d\udccd\u00a0Espace Jean-Paul de Rocca Serra \u2013 Porto-Vecchio\ud83c\udf9f\ufe0f\u00a0Entr\u00e9e libre<\/p>\n","protected":false},"author":52,"featured_media":6505,"comment_status":"open","ping_status":"open","sticky":false,"template":"","format":"standard","meta":{"footnotes":""},"categories":[6],"tags":[],"class_list":["post-6503","post","type-post","status-publish","format-standard","has-post-thumbnail","hentry","category-inspection_pedagogique"],"_links":{"self":[{"href":"https:\/\/sites.ac-corse.fr\/maths\/wp-json\/wp\/v2\/posts\/6503","targetHints":{"allow":["GET"]}}],"collection":[{"href":"https:\/\/sites.ac-corse.fr\/maths\/wp-json\/wp\/v2\/posts"}],"about":[{"href":"https:\/\/sites.ac-corse.fr\/maths\/wp-json\/wp\/v2\/types\/post"}],"author":[{"embeddable":true,"href":"https:\/\/sites.ac-corse.fr\/maths\/wp-json\/wp\/v2\/users\/52"}],"replies":[{"embeddable":true,"href":"https:\/\/sites.ac-corse.fr\/maths\/wp-json\/wp\/v2\/comments?post=6503"}],"version-history":[{"count":1,"href":"https:\/\/sites.ac-corse.fr\/maths\/wp-json\/wp\/v2\/posts\/6503\/revisions"}],"predecessor-version":[{"id":6506,"href":"https:\/\/sites.ac-corse.fr\/maths\/wp-json\/wp\/v2\/posts\/6503\/revisions\/6506"}],"wp:featuredmedia":[{"embeddable":true,"href":"https:\/\/sites.ac-corse.fr\/maths\/wp-json\/wp\/v2\/media\/6505"}],"wp:attachment":[{"href":"https:\/\/sites.ac-corse.fr\/maths\/wp-json\/wp\/v2\/media?parent=6503"}],"wp:term":[{"taxonomy":"category","embeddable":true,"href":"https:\/\/sites.ac-corse.fr\/maths\/wp-json\/wp\/v2\/categories?post=6503"},{"taxonomy":"post_tag","embeddable":true,"href":"https:\/\/sites.ac-corse.fr\/maths\/wp-json\/wp\/v2\/tags?post=6503"}],"curies":[{"name":"wp","href":"https:\/\/api.w.org\/{rel}","templated":true}]}}