{"id":1709,"date":"2025-03-10T11:00:55","date_gmt":"2025-03-10T10:00:55","guid":{"rendered":"https:\/\/sites.ac-corse.fr\/tne2a\/?p=1709"},"modified":"2025-03-10T11:06:36","modified_gmt":"2025-03-10T10:06:36","slug":"formation-techniques-de-la-webradio","status":"publish","type":"post","link":"https:\/\/sites.ac-corse.fr\/tne2a\/2025\/03\/10\/formation-techniques-de-la-webradio\/","title":{"rendered":"Formation \u00ab\u00a0techniques de la webradio\u00a0\u00bb"},"content":{"rendered":"\n<p>En 2024, 5 coll\u00e8ges ont \u00e9t\u00e9 dot\u00e9s d&rsquo;une webradio dans le cadre de l&rsquo;appel \u00e0 projet \u00ab\u00a0<a href=\"https:\/\/www.education.gouv.fr\/plan-france-2030-emi-appel-projets-une-webradio-un-parrain-pour-les-colleges-340802\" data-type=\"link\" data-id=\"https:\/\/www.education.gouv.fr\/plan-france-2030-emi-appel-projets-une-webradio-un-parrain-pour-les-colleges-340802\" target=\"_blank\" rel=\"noreferrer noopener\">une webradio, un parrain<\/a>\u00a0\u00bb : le <strong>coll\u00e8ge de Sart\u00e8ne<\/strong>, le <strong>coll\u00e8ge Laetitia Bonaparte<\/strong> d&rsquo;Ajaccio, le <strong>coll\u00e8ge Arthur Giovoni <\/strong>d&rsquo;Ajaccio, le <strong>coll\u00e8ge L\u00e9on Boujot<\/strong> de Porto-Vecchio et le <strong>coll\u00e8ge de Biguglia<\/strong>. Puis, dans le cadre de l&rsquo;appel \u00e0 manifestation d&rsquo;int\u00e9r\u00eat du Territoire Num\u00e9rique \u00c9ducatif de Corse du Sud, 4 coll\u00e8ges ont \u00e9galement re\u00e7u une webradio pour r\u00e9aliser les projets des \u00e9quipes \u00e9ducatives : le <strong>coll\u00e8ge de Bonifacio<\/strong>, le <strong>coll\u00e8ge St-Paul<\/strong> d&rsquo;Ajaccio, le <strong>coll\u00e8ge de Vico<\/strong> et le <strong>coll\u00e8ge Maria de Peretti <\/strong>de Porto-Vecchio.<\/p>\n\n\n\n<p>Afin d&rsquo;accompagner les enseignants qui viennent de recevoir cet \u00e9quipement, une formation sur <em>les techniques de la webradio<\/em> a \u00e9t\u00e9 organis\u00e9e le mercredi 5 mars 2025 et anim\u00e9e par Marie Pieronne du <strong>CLEMI<\/strong>, Emmanuelle Cervetti de la <strong>DRANE <\/strong>et Michaela Rachita du r\u00e9seau<strong> Canop\u00e9 de Corse<\/strong>.<\/p>\n\n\n\n<p>En compl\u00e9mentarit\u00e9 de la prise en main technique d&rsquo;une webradio et de son installation, cette formation a permis d&rsquo;aborder : <\/p>\n\n\n\n<ul class=\"wp-block-list\">\n<li>Un socle commun pour mettre en place un <strong>parcours d&rsquo;Education aux M\u00e9dias et \u00e0 l&rsquo;Information<\/strong>.<\/li>\n\n\n\n<li>Les <strong>diff\u00e9rents postes d&rsquo;une webradio <\/strong>pour r\u00e9partir les r\u00f4les et missions des \u00e9l\u00e8ves entre le r\u00e9dacteur en chef, l&rsquo;\u00e9quipe de journalistes, l&rsquo;\u00e9quipe web et l&rsquo;\u00e9quipe technique.<\/li>\n\n\n\n<li>Des fiches m\u00e9thodologiques sur la <strong>r\u00e9daction d&rsquo;une chronique radio<\/strong>, un exemple de <strong>conducteur d&rsquo;une \u00e9mission de radio<\/strong>, des <strong>fiches p\u00e9dagogiques<\/strong> cl\u00e9s en main pour r\u00e9aliser un micro-trottoir, un reportage, une \u00e9ph\u00e9m\u00e9ride, une parodie, des portraits crois\u00e9s, etc.<\/li>\n\n\n\n<li>Un <strong>r\u00e9f\u00e9rentiel<\/strong> pour identifier les <strong>comp\u00e9tences<\/strong> travaill\u00e9es durant un atelier webradio en cinq axes : culture informationnelle, culture m\u00e9diatique, culture technique et num\u00e9rique, culture sociale et citoyenne, culture didactique et p\u00e9dagogique.<\/li>\n\n\n\n<li>Les donn\u00e9es personnelles pour l&rsquo;<strong>enregistrement de la voix<\/strong>.<\/li>\n\n\n\n<li>Et des exemples de <strong>projets p\u00e9dagogiques<\/strong> r\u00e9alis\u00e9s en Corse.<\/li>\n<\/ul>\n\n\n\n<p>Certains \u00e9tablissements auront l&rsquo;opportunit\u00e9 de couvrir des \u00e9v\u00e8nements locaux d&rsquo;ici la fin de l&rsquo;ann\u00e9e scolaire comme le festival de la mer ou les \u00e9v\u00e8nements de robotique Digi Botti.<\/p>\n\n\n\n<hr class=\"wp-block-separator has-alpha-channel-opacity\"\/>\n\n\n\n<p><strong>Pour aller plus loin <\/strong>: le <a href=\"https:\/\/www.clemi.fr\/le-clemi-en-academies\/corse\" data-type=\"link\" data-id=\"https:\/\/www.clemi.fr\/le-clemi-en-academies\/corse\" target=\"_blank\" rel=\"noreferrer noopener\">site du CLEMI<\/a> &#8211; Centre pour l&rsquo;\u00e9ducation aux m\u00e9dias et \u00e0 l&rsquo;information<\/p>\n\n\n\n<hr class=\"wp-block-separator has-alpha-channel-opacity\"\/>\n\n\n\n<figure class=\"wp-block-gallery has-nested-images columns-default is-cropped wp-block-gallery-1 is-layout-flex wp-block-gallery-is-layout-flex\">\n<figure class=\"wp-block-image size-large\"><img loading=\"lazy\" decoding=\"async\" width=\"1024\" height=\"771\" data-id=\"1715\" src=\"https:\/\/sites.ac-corse.fr\/tne2a\/wp-content\/uploads\/sites\/44\/2025\/03\/IMG_20250305_144856-1024x771.jpg\" alt=\"\" class=\"wp-image-1715\" srcset=\"https:\/\/sites.ac-corse.fr\/tne2a\/wp-content\/uploads\/sites\/44\/2025\/03\/IMG_20250305_144856-1024x771.jpg 1024w, https:\/\/sites.ac-corse.fr\/tne2a\/wp-content\/uploads\/sites\/44\/2025\/03\/IMG_20250305_144856-300x226.jpg 300w, https:\/\/sites.ac-corse.fr\/tne2a\/wp-content\/uploads\/sites\/44\/2025\/03\/IMG_20250305_144856-768x578.jpg 768w, https:\/\/sites.ac-corse.fr\/tne2a\/wp-content\/uploads\/sites\/44\/2025\/03\/IMG_20250305_144856-1536x1157.jpg 1536w, https:\/\/sites.ac-corse.fr\/tne2a\/wp-content\/uploads\/sites\/44\/2025\/03\/IMG_20250305_144856-2048x1542.jpg 2048w\" sizes=\"auto, (max-width: 1024px) 100vw, 1024px\" \/><\/figure>\n\n\n\n<figure class=\"wp-block-image size-large\"><img loading=\"lazy\" decoding=\"async\" width=\"1024\" height=\"771\" data-id=\"1711\" src=\"https:\/\/sites.ac-corse.fr\/tne2a\/wp-content\/uploads\/sites\/44\/2025\/03\/IMG_20250305_131451-1024x771.jpg\" alt=\"\" class=\"wp-image-1711\" srcset=\"https:\/\/sites.ac-corse.fr\/tne2a\/wp-content\/uploads\/sites\/44\/2025\/03\/IMG_20250305_131451-1024x771.jpg 1024w, https:\/\/sites.ac-corse.fr\/tne2a\/wp-content\/uploads\/sites\/44\/2025\/03\/IMG_20250305_131451-300x226.jpg 300w, https:\/\/sites.ac-corse.fr\/tne2a\/wp-content\/uploads\/sites\/44\/2025\/03\/IMG_20250305_131451-768x578.jpg 768w, https:\/\/sites.ac-corse.fr\/tne2a\/wp-content\/uploads\/sites\/44\/2025\/03\/IMG_20250305_131451-1536x1157.jpg 1536w, https:\/\/sites.ac-corse.fr\/tne2a\/wp-content\/uploads\/sites\/44\/2025\/03\/IMG_20250305_131451-2048x1542.jpg 2048w\" sizes=\"auto, (max-width: 1024px) 100vw, 1024px\" \/><\/figure>\n\n\n\n<figure class=\"wp-block-image size-large\"><img loading=\"lazy\" decoding=\"async\" width=\"771\" height=\"1024\" data-id=\"1714\" src=\"https:\/\/sites.ac-corse.fr\/tne2a\/wp-content\/uploads\/sites\/44\/2025\/03\/IMG_20250305_141507-771x1024.jpg\" alt=\"\" class=\"wp-image-1714\" srcset=\"https:\/\/sites.ac-corse.fr\/tne2a\/wp-content\/uploads\/sites\/44\/2025\/03\/IMG_20250305_141507-771x1024.jpg 771w, https:\/\/sites.ac-corse.fr\/tne2a\/wp-content\/uploads\/sites\/44\/2025\/03\/IMG_20250305_141507-226x300.jpg 226w, https:\/\/sites.ac-corse.fr\/tne2a\/wp-content\/uploads\/sites\/44\/2025\/03\/IMG_20250305_141507-768x1020.jpg 768w, https:\/\/sites.ac-corse.fr\/tne2a\/wp-content\/uploads\/sites\/44\/2025\/03\/IMG_20250305_141507-1157x1536.jpg 1157w, https:\/\/sites.ac-corse.fr\/tne2a\/wp-content\/uploads\/sites\/44\/2025\/03\/IMG_20250305_141507-1542x2048.jpg 1542w, https:\/\/sites.ac-corse.fr\/tne2a\/wp-content\/uploads\/sites\/44\/2025\/03\/IMG_20250305_141507-scaled.jpg 1928w\" sizes=\"auto, (max-width: 771px) 100vw, 771px\" \/><\/figure>\n\n\n\n<figure class=\"wp-block-image size-large\"><img loading=\"lazy\" decoding=\"async\" width=\"1024\" height=\"771\" data-id=\"1713\" src=\"https:\/\/sites.ac-corse.fr\/tne2a\/wp-content\/uploads\/sites\/44\/2025\/03\/IMG_20250305_141224-1024x771.jpg\" alt=\"\" class=\"wp-image-1713\" srcset=\"https:\/\/sites.ac-corse.fr\/tne2a\/wp-content\/uploads\/sites\/44\/2025\/03\/IMG_20250305_141224-1024x771.jpg 1024w, https:\/\/sites.ac-corse.fr\/tne2a\/wp-content\/uploads\/sites\/44\/2025\/03\/IMG_20250305_141224-300x226.jpg 300w, https:\/\/sites.ac-corse.fr\/tne2a\/wp-content\/uploads\/sites\/44\/2025\/03\/IMG_20250305_141224-768x578.jpg 768w, https:\/\/sites.ac-corse.fr\/tne2a\/wp-content\/uploads\/sites\/44\/2025\/03\/IMG_20250305_141224-1536x1157.jpg 1536w, https:\/\/sites.ac-corse.fr\/tne2a\/wp-content\/uploads\/sites\/44\/2025\/03\/IMG_20250305_141224-2048x1542.jpg 2048w\" sizes=\"auto, (max-width: 1024px) 100vw, 1024px\" \/><\/figure>\n<\/figure>\n\n\n\n<p><\/p>\n","protected":false},"excerpt":{"rendered":"<p>En 2024, 5 coll\u00e8ges ont \u00e9t\u00e9 dot\u00e9s d&rsquo;une webradio dans le cadre de l&rsquo;appel \u00e0 projet \u00ab\u00a0une webradio, un parrain\u00a0\u00bb : le coll\u00e8ge de Sart\u00e8ne, le coll\u00e8ge Laetitia Bonaparte d&rsquo;Ajaccio, le coll\u00e8ge Arthur Giovoni d&rsquo;Ajaccio, le coll\u00e8ge L\u00e9on Boujot de Porto-Vecchio et le coll\u00e8ge de Biguglia. Puis, dans le cadre de l&rsquo;appel \u00e0 manifestation d&rsquo;int\u00e9r\u00eat [&hellip;]<\/p>\n","protected":false},"author":101,"featured_media":1712,"comment_status":"closed","ping_status":"closed","sticky":false,"template":"","format":"standard","meta":{"footnotes":""},"categories":[3],"tags":[50,16,11,10,32],"class_list":["post-1709","post","type-post","status-publish","format-standard","has-post-thumbnail","hentry","category-formations","tag-emi","tag-formation","tag-numerique","tag-tne","tag-webradio"],"_links":{"self":[{"href":"https:\/\/sites.ac-corse.fr\/tne2a\/wp-json\/wp\/v2\/posts\/1709","targetHints":{"allow":["GET"]}}],"collection":[{"href":"https:\/\/sites.ac-corse.fr\/tne2a\/wp-json\/wp\/v2\/posts"}],"about":[{"href":"https:\/\/sites.ac-corse.fr\/tne2a\/wp-json\/wp\/v2\/types\/post"}],"author":[{"embeddable":true,"href":"https:\/\/sites.ac-corse.fr\/tne2a\/wp-json\/wp\/v2\/users\/101"}],"replies":[{"embeddable":true,"href":"https:\/\/sites.ac-corse.fr\/tne2a\/wp-json\/wp\/v2\/comments?post=1709"}],"version-history":[{"count":15,"href":"https:\/\/sites.ac-corse.fr\/tne2a\/wp-json\/wp\/v2\/posts\/1709\/revisions"}],"predecessor-version":[{"id":1790,"href":"https:\/\/sites.ac-corse.fr\/tne2a\/wp-json\/wp\/v2\/posts\/1709\/revisions\/1790"}],"wp:featuredmedia":[{"embeddable":true,"href":"https:\/\/sites.ac-corse.fr\/tne2a\/wp-json\/wp\/v2\/media\/1712"}],"wp:attachment":[{"href":"https:\/\/sites.ac-corse.fr\/tne2a\/wp-json\/wp\/v2\/media?parent=1709"}],"wp:term":[{"taxonomy":"category","embeddable":true,"href":"https:\/\/sites.ac-corse.fr\/tne2a\/wp-json\/wp\/v2\/categories?post=1709"},{"taxonomy":"post_tag","embeddable":true,"href":"https:\/\/sites.ac-corse.fr\/tne2a\/wp-json\/wp\/v2\/tags?post=1709"}],"curies":[{"name":"wp","href":"https:\/\/api.w.org\/{rel}","templated":true}]}}